{"id":318616,"date":"2024-01-03T20:26:29","date_gmt":"2024-01-03T17:26:29","guid":{"rendered":"https:\/\/sana.sy\/es\/?p=318616"},"modified":"2024-01-03T20:28:43","modified_gmt":"2024-01-03T17:28:43","slug":"resistencia-iraqui-ataca-base-ilegal-de-eeuu-en-deir-ezzor","status":"publish","type":"post","link":"https:\/\/archive.sana.sy\/es\/?p=318616","title":{"rendered":"Combatientes de la Resistencia iraqu\u00ed atacan una base ilegal de EEUU en Deir Ezzor"},"content":{"rendered":"<p style=\"text-align: justify\"><span style=\"color: #800000\"><strong>Bagdad, 03 ene (SANA)<\/strong> <\/span>La Resistencia iraqu\u00ed anunci\u00f3 haber atacado con drones la base ilegal de EEUU en el yacimiento petrol\u00edfero de al-Omar en Deir Ezzor, Siria.<\/p>\n<p style=\"text-align: justify\">Explic\u00f3 en una declaraci\u00f3n que este ataque va en el marco de \u201csu apoyo a las acciones de resistencia contra las fuerzas ocupantes estadounidenses en Iraq y la regi\u00f3n, y en respuesta a las masacres de la entidad sionista contra el pueblo palestino en Gaza\u201d.<\/p>\n<p style=\"text-align: justify\">Ayer, la Resistencia iraqu\u00ed se atribuy\u00f3 ataques contra las bases norteamericanas en Al-Shaddadi y Rumailan ubicadas en la provincia siria de Hasakeh.<\/p>\n<p style=\"text-align: justify\">la<\/p>\n","protected":false},"excerpt":{"rendered":"<p>Bagdad, 03 ene (SANA) La Resistencia iraqu\u00ed anunci\u00f3 haber atacado con drones la base ilegal de EEUU en el yacimiento petrol\u00edfero de al-Omar en Deir Ezzor, Siria. Explic\u00f3 en una declaraci\u00f3n que este ataque va en el marco de \u201csu apoyo a las acciones de resistencia contra las fuerzas ocupantes estadounidenses en Iraq y la &hellip;<\/p>\n","protected":false},"author":24,"featured_media":318617,"comment_status":"closed","ping_status":"closed","sticky":false,"template":"","format":"standard","meta":{"footnotes":""},"categories":[597,456,16687,20724,7541],"tags":[],"class_list":["post-318616","post","type-post","status-publish","format-standard","has-post-thumbnail","","category-cinta-de-noticias","category-arabe-internacional-politica","category-internacionales","category-minuto-a-minuto","category-ultimas-noticias"],"_links":{"self":[{"href":"https:\/\/archive.sana.sy\/es\/index.php?rest_route=\/wp\/v2\/posts\/318616"}],"collection":[{"href":"https:\/\/archive.sana.sy\/es\/index.php?rest_route=\/wp\/v2\/posts"}],"about":[{"href":"https:\/\/archive.sana.sy\/es\/index.php?rest_route=\/wp\/v2\/types\/post"}],"author":[{"embeddable":true,"href":"https:\/\/archive.sana.sy\/es\/index.php?rest_route=\/wp\/v2\/users\/24"}],"replies":[{"embeddable":true,"href":"https:\/\/archive.sana.sy\/es\/index.php?rest_route=%2Fwp%2Fv2%2Fcomments&post=318616"}],"version-history":[{"count":2,"href":"https:\/\/archive.sana.sy\/es\/index.php?rest_route=\/wp\/v2\/posts\/318616\/revisions"}],"predecessor-version":[{"id":318619,"href":"https:\/\/archive.sana.sy\/es\/index.php?rest_route=\/wp\/v2\/posts\/318616\/revisions\/318619"}],"wp:featuredmedia":[{"embeddable":true,"href":"https:\/\/archive.sana.sy\/es\/index.php?rest_route=\/wp\/v2\/media\/318617"}],"wp:attachment":[{"href":"https:\/\/archive.sana.sy\/es\/index.php?rest_route=%2Fwp%2Fv2%2Fmedia&parent=318616"}],"wp:term":[{"taxonomy":"category","embeddable":true,"href":"https:\/\/archive.sana.sy\/es\/index.php?rest_route=%2Fwp%2Fv2%2Fcategories&post=318616"},{"taxonomy":"post_tag","embeddable":true,"href":"https:\/\/archive.sana.sy\/es\/index.php?rest_route=%2Fwp%2Fv2%2Ftags&post=318616"}],"curies":[{"name":"wp","href":"https:\/\/api.w.org\/{rel}","templated":true}]}}