{"id":318620,"date":"2024-01-03T20:50:27","date_gmt":"2024-01-03T17:50:27","guid":{"rendered":"https:\/\/sana.sy\/es\/?p=318620"},"modified":"2024-01-03T20:52:09","modified_gmt":"2024-01-03T17:52:09","slug":"maduro-fustiga-el-silencio-complice-de-la-comunidad-internacional-ante-las-brutalidades-israelies-en-gaza","status":"publish","type":"post","link":"https:\/\/archive.sana.sy\/es\/?p=318620","title":{"rendered":"Maduro fustiga silencio c\u00f3mplice de la comunidad internacional hacia las brutalidades israel\u00edes en Gaza"},"content":{"rendered":"<p style=\"text-align: justify\"><span style=\"color: #800000\"><strong>Caracas, 03 ene (SANA)<\/strong><\/span> El presidente de la Rep\u00fablica Bolivariana de Venezuela, Nicol\u00e1s Maduro, denunci\u00f3 que el pueblo palestino est\u00e1 sufriendo \u00a0un genocidio sistem\u00e1tico a manos de las fuerzas ocupantes de \u201cIsrael\u201d.<\/p>\n<p style=\"text-align: justify\">\u201cEn el caso del conflicto en Palestina, ya no queda ninguna duda. Es un genocidio contra un pueblo. Un genocidio que tiene m\u00e1s de setenta y cinco a\u00f1os, ahora es abierto, brutal. Y pr\u00e1cticamente no hay nada, ni nadie que levante una voz.\u201d, dijo Maduro en declaraciones al diario mexicano \u201cLa Jornada\u201d.<\/p>\n<p style=\"text-align: justify\">El mandatario venezolano fustig\u00f3 el silencio c\u00f3mplice de la Uni\u00f3n Europea hacia la matanza y los bombardeos israel\u00edes contra los palestinos desarmados.<\/p>\n<p style=\"text-align: justify\">Asimismo incrimin\u00f3 \u201cla actividad c\u00f3mplice de las \u00e9lites estadounidenses fabricando armas y armas y armas para bombardear y matar a palestinos inocentes\u201d.<\/p>\n<p style=\"text-align: justify\">\u201cM\u00e1s de veinti\u00fan mil palestinos asesinados. Once mil de ellos ni\u00f1os. Parece que fueron detr\u00e1s de los ni\u00f1os, a exterminarlos. M\u00e1s de seis mil mujeres\u201d, subray\u00f3.<\/p>\n<p style=\"text-align: justify\">De igual manera, critic\u00f3 la inacci\u00f3n de la justicia internacional ante estas brutalidades que se cometen \u201ca plena luz del d\u00eda transmitidas en vivo y directo por las redes sociales. Y no pasa nada\u201d.<\/p>\n<p style=\"text-align: justify\">la<\/p>\n","protected":false},"excerpt":{"rendered":"<p>Caracas, 03 ene (SANA) El presidente de la Rep\u00fablica Bolivariana de Venezuela, Nicol\u00e1s Maduro, denunci\u00f3 que el pueblo palestino est\u00e1 sufriendo \u00a0un genocidio sistem\u00e1tico a manos de las fuerzas ocupantes de \u201cIsrael\u201d. \u201cEn el caso del conflicto en Palestina, ya no queda ninguna duda. Es un genocidio contra un pueblo. Un genocidio que tiene m\u00e1s &hellip;<\/p>\n","protected":false},"author":24,"featured_media":318623,"comment_status":"closed","ping_status":"closed","sticky":false,"template":"","format":"standard","meta":{"footnotes":""},"categories":[597,456,16687,20724,7541],"tags":[],"class_list":["post-318620","post","type-post","status-publish","format-standard","has-post-thumbnail","","category-cinta-de-noticias","category-arabe-internacional-politica","category-internacionales","category-minuto-a-minuto","category-ultimas-noticias"],"_links":{"self":[{"href":"https:\/\/archive.sana.sy\/es\/index.php?rest_route=\/wp\/v2\/posts\/318620"}],"collection":[{"href":"https:\/\/archive.sana.sy\/es\/index.php?rest_route=\/wp\/v2\/posts"}],"about":[{"href":"https:\/\/archive.sana.sy\/es\/index.php?rest_route=\/wp\/v2\/types\/post"}],"author":[{"embeddable":true,"href":"https:\/\/archive.sana.sy\/es\/index.php?rest_route=\/wp\/v2\/users\/24"}],"replies":[{"embeddable":true,"href":"https:\/\/archive.sana.sy\/es\/index.php?rest_route=%2Fwp%2Fv2%2Fcomments&post=318620"}],"version-history":[{"count":4,"href":"https:\/\/archive.sana.sy\/es\/index.php?rest_route=\/wp\/v2\/posts\/318620\/revisions"}],"predecessor-version":[{"id":318625,"href":"https:\/\/archive.sana.sy\/es\/index.php?rest_route=\/wp\/v2\/posts\/318620\/revisions\/318625"}],"wp:featuredmedia":[{"embeddable":true,"href":"https:\/\/archive.sana.sy\/es\/index.php?rest_route=\/wp\/v2\/media\/318623"}],"wp:attachment":[{"href":"https:\/\/archive.sana.sy\/es\/index.php?rest_route=%2Fwp%2Fv2%2Fmedia&parent=318620"}],"wp:term":[{"taxonomy":"category","embeddable":true,"href":"https:\/\/archive.sana.sy\/es\/index.php?rest_route=%2Fwp%2Fv2%2Fcategories&post=318620"},{"taxonomy":"post_tag","embeddable":true,"href":"https:\/\/archive.sana.sy\/es\/index.php?rest_route=%2Fwp%2Fv2%2Ftags&post=318620"}],"curies":[{"name":"wp","href":"https:\/\/api.w.org\/{rel}","templated":true}]}}