{"id":31863,"date":"2015-10-20T11:51:51","date_gmt":"2015-10-20T08:51:51","guid":{"rendered":"http:\/\/sana.sy\/es\/?p=31863"},"modified":"2015-10-20T11:51:51","modified_gmt":"2015-10-20T08:51:51","slug":"teheran-denuncia-declaraciones-del-canciller-saudi-sobre-el-futuro-de-siria","status":"publish","type":"post","link":"https:\/\/archive.sana.sy\/es\/?p=31863","title":{"rendered":"Teher\u00e1n denuncia declaraciones del canciller saud\u00ed sobre el futuro de Siria"},"content":{"rendered":"<p><span style=\"color: #800000\">Teher\u00e1n, SANA<\/span><\/p>\n<p>La portavoz del Ministerio de Exteriores iran\u00ed, Mardya Afkham, denunci\u00f3 las recientes declaraciones del canciller del r\u00e9gimen saud\u00ed Saud Adel Jubeir, sobre el futuro pol\u00edtico de Siria.<\/p>\n<p>Comentando sobre las declaraciones del canciller saud\u00ed durante su rueda de prensa con su hom\u00f3logo alem\u00e1n, Frank-Walter Steinmeier, Afkham dijo que el uso por parte de Jubeir a un lenguaje vac\u00edo, rid\u00edculo y lejano de la diplomacia, evidencia la &#8220;falta de madurez pol\u00edtica&#8221;.<\/p>\n<p>La vocera iran\u00ed explic\u00f3 que Arabia Saudita ha adoptado tendencias extremistas durante las crisis actuales en la regi\u00f3n y est\u00e1 bombardeando desde hace m\u00e1s de siete meses a un pa\u00eds vecino y musulm\u00e1n, destacando que Riad no est\u00e1 calificado para hablar sobre el papel regional de Ir\u00e1n.<\/p>\n<p>La diplom\u00e1tica iran\u00ed explic\u00f3 que el \u00fanico pa\u00eds que mira a los acontecimientos regionales desde la visi\u00f3n de &#8220;ganar-perder&#8221; e insiste en la cancelaci\u00f3n de los dem\u00e1s, es Arabia Saudita confirmando que este enfoque no constructivo no llevar\u00e1 a ning\u00fan resultado.<\/p>\n<p><span style=\"color: #00ccff\">Fady M., Hala B.<\/span><\/p>\n","protected":false},"excerpt":{"rendered":"<p>Teher\u00e1n, SANA La portavoz del Ministerio de Exteriores iran\u00ed, Mardya Afkham, denunci\u00f3 las recientes declaraciones del canciller del r\u00e9gimen saud\u00ed Saud Adel Jubeir, sobre el futuro pol\u00edtico de Siria. Comentando sobre las declaraciones del canciller saud\u00ed durante su rueda de prensa con su hom\u00f3logo alem\u00e1n, Frank-Walter Steinmeier, Afkham dijo que el uso por parte de &hellip;<\/p>\n","protected":false},"author":1,"featured_media":31864,"comment_status":"closed","ping_status":"closed","sticky":false,"template":"","format":"standard","meta":{"footnotes":""},"categories":[456,457,576],"tags":[7099],"class_list":["post-31863","post","type-post","status-publish","format-standard","has-post-thumbnail","","category-arabe-internacional-politica","category-noticias-arabe-internacional-politica","category-noticias-politicas","tag-teheran-denuncia-declaraciones-del-canciller-saudi-sobre-el-futuro-de-siria"],"_links":{"self":[{"href":"https:\/\/archive.sana.sy\/es\/index.php?rest_route=\/wp\/v2\/posts\/31863"}],"collection":[{"href":"https:\/\/archive.sana.sy\/es\/index.php?rest_route=\/wp\/v2\/posts"}],"about":[{"href":"https:\/\/archive.sana.sy\/es\/index.php?rest_route=\/wp\/v2\/types\/post"}],"author":[{"embeddable":true,"href":"https:\/\/archive.sana.sy\/es\/index.php?rest_route=\/wp\/v2\/users\/1"}],"replies":[{"embeddable":true,"href":"https:\/\/archive.sana.sy\/es\/index.php?rest_route=%2Fwp%2Fv2%2Fcomments&post=31863"}],"version-history":[{"count":0,"href":"https:\/\/archive.sana.sy\/es\/index.php?rest_route=\/wp\/v2\/posts\/31863\/revisions"}],"wp:featuredmedia":[{"embeddable":true,"href":"https:\/\/archive.sana.sy\/es\/index.php?rest_route=\/wp\/v2\/media\/31864"}],"wp:attachment":[{"href":"https:\/\/archive.sana.sy\/es\/index.php?rest_route=%2Fwp%2Fv2%2Fmedia&parent=31863"}],"wp:term":[{"taxonomy":"category","embeddable":true,"href":"https:\/\/archive.sana.sy\/es\/index.php?rest_route=%2Fwp%2Fv2%2Fcategories&post=31863"},{"taxonomy":"post_tag","embeddable":true,"href":"https:\/\/archive.sana.sy\/es\/index.php?rest_route=%2Fwp%2Fv2%2Ftags&post=31863"}],"curies":[{"name":"wp","href":"https:\/\/api.w.org\/{rel}","templated":true}]}}