{"id":318630,"date":"2024-01-04T08:59:34","date_gmt":"2024-01-04T05:59:34","guid":{"rendered":"https:\/\/sana.sy\/es\/?p=318630"},"modified":"2024-01-04T08:59:34","modified_gmt":"2024-01-04T05:59:34","slug":"biden-es-considerado-ilegitimo-por-mas-de-un-tercio-de-los-estadounidenses-revela-encuesta","status":"publish","type":"post","link":"https:\/\/archive.sana.sy\/es\/?p=318630","title":{"rendered":"Biden es considerado ileg\u00edtimo por m\u00e1s de un tercio de los estadounidenses, revela encuesta"},"content":{"rendered":"<p style=\"text-align: justify;\"><span style=\"color: #800000;\"><strong>Washington, 4 ene (SANA)<\/strong> <\/span>M\u00e1s de un tercio de los estadounidenses cree que Joe Biden no fue elegido presidente de EE.UU. en 2020 de manera leg\u00edtima.<\/p>\n<p style=\"text-align: justify;\">Seg\u00fan una reciente encuesta realizada por de The Washington Post y la Universidad de Maryland, citada por RT, el 62 % de los encuestados cree que la victoria del mandatario fue leg\u00edtima, frente al 69 % que respondi\u00f3 a la misma pregunta en diciembre de 2021.<\/p>\n<p style=\"text-align: justify;\">Por otro lado, el 36 % dice que no acepta la victoria de Biden.<\/p>\n<p style=\"text-align: justify;\">Seg\u00fan WP, los estadounidenses de m\u00e1s edad son m\u00e1s propensos que los j\u00f3venes a apoyar la victoria del pol\u00edtico, al igual que los votantes con titulaci\u00f3n universitaria.<\/p>\n<p>fm\/lo<\/p>\n","protected":false},"excerpt":{"rendered":"<p>Washington, 4 ene (SANA) M\u00e1s de un tercio de los estadounidenses cree que Joe Biden no fue elegido presidente de EE.UU. en 2020 de manera leg\u00edtima. Seg\u00fan una reciente encuesta realizada por de The Washington Post y la Universidad de Maryland, citada por RT, el 62 % de los encuestados cree que la victoria del &hellip;<\/p>\n","protected":false},"author":32,"featured_media":318631,"comment_status":"closed","ping_status":"closed","sticky":false,"template":"","format":"standard","meta":{"footnotes":""},"categories":[597,456,16687,20724,7541],"tags":[],"class_list":["post-318630","post","type-post","status-publish","format-standard","has-post-thumbnail","","category-cinta-de-noticias","category-arabe-internacional-politica","category-internacionales","category-minuto-a-minuto","category-ultimas-noticias"],"_links":{"self":[{"href":"https:\/\/archive.sana.sy\/es\/index.php?rest_route=\/wp\/v2\/posts\/318630"}],"collection":[{"href":"https:\/\/archive.sana.sy\/es\/index.php?rest_route=\/wp\/v2\/posts"}],"about":[{"href":"https:\/\/archive.sana.sy\/es\/index.php?rest_route=\/wp\/v2\/types\/post"}],"author":[{"embeddable":true,"href":"https:\/\/archive.sana.sy\/es\/index.php?rest_route=\/wp\/v2\/users\/32"}],"replies":[{"embeddable":true,"href":"https:\/\/archive.sana.sy\/es\/index.php?rest_route=%2Fwp%2Fv2%2Fcomments&post=318630"}],"version-history":[{"count":1,"href":"https:\/\/archive.sana.sy\/es\/index.php?rest_route=\/wp\/v2\/posts\/318630\/revisions"}],"predecessor-version":[{"id":318632,"href":"https:\/\/archive.sana.sy\/es\/index.php?rest_route=\/wp\/v2\/posts\/318630\/revisions\/318632"}],"wp:featuredmedia":[{"embeddable":true,"href":"https:\/\/archive.sana.sy\/es\/index.php?rest_route=\/wp\/v2\/media\/318631"}],"wp:attachment":[{"href":"https:\/\/archive.sana.sy\/es\/index.php?rest_route=%2Fwp%2Fv2%2Fmedia&parent=318630"}],"wp:term":[{"taxonomy":"category","embeddable":true,"href":"https:\/\/archive.sana.sy\/es\/index.php?rest_route=%2Fwp%2Fv2%2Fcategories&post=318630"},{"taxonomy":"post_tag","embeddable":true,"href":"https:\/\/archive.sana.sy\/es\/index.php?rest_route=%2Fwp%2Fv2%2Ftags&post=318630"}],"curies":[{"name":"wp","href":"https:\/\/api.w.org\/{rel}","templated":true}]}}