{"id":318634,"date":"2024-01-04T09:56:10","date_gmt":"2024-01-04T06:56:10","guid":{"rendered":"https:\/\/sana.sy\/es\/?p=318634"},"modified":"2024-01-04T09:56:10","modified_gmt":"2024-01-04T06:56:10","slug":"pese-al-asesinato-de-mas-de-22-mil-palestinos-eeuu-no-ve-senales-de-genocidio-en-gaza","status":"publish","type":"post","link":"https:\/\/archive.sana.sy\/es\/?p=318634","title":{"rendered":"Pese al asesinato de m\u00e1s de 22 mil palestinos, EEUU no ve se\u00f1ales de genocidio en Gaza"},"content":{"rendered":"<p style=\"text-align: justify;\"><span style=\"color: #800000;\"><strong>Washington, 4 ene (SANA)<\/strong><\/span> El portavoz del Departamento de Estado de EE.UU., Matthew Miller, dijo que el gobierno de su pa\u00eds no ve signos de genocidio en la Franja de Gaza.<\/p>\n<p style=\"text-align: justify;\">Durante una sesi\u00f3n informativa, el vocero afirm\u00f3 que &#8220;el genocidio es, por supuesto, una atrocidad terrible, y en lo que respecta a Estados Unidos, no estamos viendo ninguna acci\u00f3n que constituya genocidio&#8221;.<\/p>\n<p style=\"text-align: justify;\">Esta postura fueron manifestada por Miller tras una pregunta de uno de los periodistas sobre la demanda contra &#8220;Israel&#8221; por el genocidio presentada por Sud\u00e1frica ante la Corte Internacional de Justicia (CIJ) de La Haya.<\/p>\n<p style=\"text-align: justify;\">Sud\u00e1frica present\u00f3 el 29 de diciembre una solicitud para iniciar un procedimiento contra &#8220;Israel&#8221; ante la Corte Internacional de Justicia, en La Haya, en relaci\u00f3n con los actos &#8220;de car\u00e1cter genocida&#8221; que ha cometido en la Franja de Gaza.<\/p>\n<p style=\"text-align: justify;\">El n\u00famero de personas asesinadas por &#8220;Israel&#8221; en la Franja de Gaza ascendi\u00f3 a 22.185 y los heridos superan los 75 mil.<\/p>\n<p>fm\/lo<\/p>\n","protected":false},"excerpt":{"rendered":"<p>Washington, 4 ene (SANA) El portavoz del Departamento de Estado de EE.UU., Matthew Miller, dijo que el gobierno de su pa\u00eds no ve signos de genocidio en la Franja de Gaza. Durante una sesi\u00f3n informativa, el vocero afirm\u00f3 que &#8220;el genocidio es, por supuesto, una atrocidad terrible, y en lo que respecta a Estados Unidos, &hellip;<\/p>\n","protected":false},"author":32,"featured_media":318635,"comment_status":"closed","ping_status":"closed","sticky":false,"template":"","format":"standard","meta":{"footnotes":""},"categories":[597,456,16687,20724,7541],"tags":[],"class_list":["post-318634","post","type-post","status-publish","format-standard","has-post-thumbnail","","category-cinta-de-noticias","category-arabe-internacional-politica","category-internacionales","category-minuto-a-minuto","category-ultimas-noticias"],"_links":{"self":[{"href":"https:\/\/archive.sana.sy\/es\/index.php?rest_route=\/wp\/v2\/posts\/318634"}],"collection":[{"href":"https:\/\/archive.sana.sy\/es\/index.php?rest_route=\/wp\/v2\/posts"}],"about":[{"href":"https:\/\/archive.sana.sy\/es\/index.php?rest_route=\/wp\/v2\/types\/post"}],"author":[{"embeddable":true,"href":"https:\/\/archive.sana.sy\/es\/index.php?rest_route=\/wp\/v2\/users\/32"}],"replies":[{"embeddable":true,"href":"https:\/\/archive.sana.sy\/es\/index.php?rest_route=%2Fwp%2Fv2%2Fcomments&post=318634"}],"version-history":[{"count":1,"href":"https:\/\/archive.sana.sy\/es\/index.php?rest_route=\/wp\/v2\/posts\/318634\/revisions"}],"predecessor-version":[{"id":318636,"href":"https:\/\/archive.sana.sy\/es\/index.php?rest_route=\/wp\/v2\/posts\/318634\/revisions\/318636"}],"wp:featuredmedia":[{"embeddable":true,"href":"https:\/\/archive.sana.sy\/es\/index.php?rest_route=\/wp\/v2\/media\/318635"}],"wp:attachment":[{"href":"https:\/\/archive.sana.sy\/es\/index.php?rest_route=%2Fwp%2Fv2%2Fmedia&parent=318634"}],"wp:term":[{"taxonomy":"category","embeddable":true,"href":"https:\/\/archive.sana.sy\/es\/index.php?rest_route=%2Fwp%2Fv2%2Fcategories&post=318634"},{"taxonomy":"post_tag","embeddable":true,"href":"https:\/\/archive.sana.sy\/es\/index.php?rest_route=%2Fwp%2Fv2%2Ftags&post=318634"}],"curies":[{"name":"wp","href":"https:\/\/api.w.org\/{rel}","templated":true}]}}