{"id":318638,"date":"2024-01-04T10:44:25","date_gmt":"2024-01-04T07:44:25","guid":{"rendered":"https:\/\/sana.sy\/es\/?p=318638"},"modified":"2024-01-04T16:19:25","modified_gmt":"2024-01-04T13:19:25","slug":"el-minuto-a-minuto-del-dia-90-de-la-agresion-israeli-a-gaza","status":"publish","type":"post","link":"https:\/\/archive.sana.sy\/es\/?p=318638","title":{"rendered":"El minuto a minuto del d\u00eda 90 de la agresi\u00f3n israel\u00ed a Gaza"},"content":{"rendered":"<p style=\"text-align: justify;\"><span style=\"color: #800000;\"><strong>Jerusal\u00e9n ocupada, 4 ene (SANA)<\/strong><\/span><strong> A continuaci\u00f3n, los desarrollos m\u00e1s recientes sobre la agresi\u00f3n israel\u00ed contra la Franja de Gaza:<\/strong><\/p>\n<p>???????? Ministerio palestino de Salud eleva a 22.438 la cifra de palestinos muertos y a 57.614 la de los heridos por la actual agresi\u00f3n israel\u00ed contra la Franja de Gaza hace 90 d\u00edas consecutivos<\/p>\n<p>???????? Resistentes palestinos neutralizaron e hirieron a varios soldados israel\u00edes tras detonar su veh\u00edculo remotamente en el campamento de Nour Shams, al este de Tulkarm, en Cisjordania.<\/p>\n<p>????????\u00a0UNRWA: casi 1,9 millones de gazat\u00eds est\u00e1n desplazados internamente.<\/p>\n<p>???????? 50 m\u00e1rtires y decenas de heridos en nueva jornada de agresiones israel\u00edes contra la Franja de Gaza.<\/p>\n<p style=\"text-align: justify;\">???????? Muertos y heridos en bombardeo a\u00e9reo israel\u00ed contra una casa en la ciudad de Khan Yunis al sur de la Franja de Gaza.<\/p>\n<p style=\"text-align: justify;\">???????? Tres palestinos muertos y otros heridos en bombardeo a\u00e9reo israel\u00ed contra una vivienda de Deir al-Balah en el centro de la Franja de Gaza.<\/p>\n<p style=\"text-align: justify;\">???????? Los barcos de guerra israel\u00edes atacaron la costa de la ciudad de Gaza con varios proyectiles de artiller\u00eda.<\/p>\n<p>???????? Muertos y heridos palestinos como resultado del bombardeo de artiller\u00eda del ocupante israel\u00ed contra el campo de Maghazi, en el centro de la Franja de Gaza.<\/p>\n","protected":false},"excerpt":{"rendered":"<p>Jerusal\u00e9n ocupada, 4 ene (SANA) A continuaci\u00f3n, los desarrollos m\u00e1s recientes sobre la agresi\u00f3n israel\u00ed contra la Franja de Gaza: ???????? Ministerio palestino de Salud eleva a 22.438 la cifra de palestinos muertos y a 57.614 la de los heridos por la actual agresi\u00f3n israel\u00ed contra la Franja de Gaza hace 90 d\u00edas consecutivos ???????? &hellip;<\/p>\n","protected":false},"author":32,"featured_media":318640,"comment_status":"closed","ping_status":"closed","sticky":false,"template":"","format":"standard","meta":{"footnotes":""},"categories":[597,456,16687,20724,583],"tags":[],"class_list":["post-318638","post","type-post","status-publish","format-standard","has-post-thumbnail","","category-cinta-de-noticias","category-arabe-internacional-politica","category-internacionales","category-minuto-a-minuto","category-slide"],"_links":{"self":[{"href":"https:\/\/archive.sana.sy\/es\/index.php?rest_route=\/wp\/v2\/posts\/318638"}],"collection":[{"href":"https:\/\/archive.sana.sy\/es\/index.php?rest_route=\/wp\/v2\/posts"}],"about":[{"href":"https:\/\/archive.sana.sy\/es\/index.php?rest_route=\/wp\/v2\/types\/post"}],"author":[{"embeddable":true,"href":"https:\/\/archive.sana.sy\/es\/index.php?rest_route=\/wp\/v2\/users\/32"}],"replies":[{"embeddable":true,"href":"https:\/\/archive.sana.sy\/es\/index.php?rest_route=%2Fwp%2Fv2%2Fcomments&post=318638"}],"version-history":[{"count":8,"href":"https:\/\/archive.sana.sy\/es\/index.php?rest_route=\/wp\/v2\/posts\/318638\/revisions"}],"predecessor-version":[{"id":318678,"href":"https:\/\/archive.sana.sy\/es\/index.php?rest_route=\/wp\/v2\/posts\/318638\/revisions\/318678"}],"wp:featuredmedia":[{"embeddable":true,"href":"https:\/\/archive.sana.sy\/es\/index.php?rest_route=\/wp\/v2\/media\/318640"}],"wp:attachment":[{"href":"https:\/\/archive.sana.sy\/es\/index.php?rest_route=%2Fwp%2Fv2%2Fmedia&parent=318638"}],"wp:term":[{"taxonomy":"category","embeddable":true,"href":"https:\/\/archive.sana.sy\/es\/index.php?rest_route=%2Fwp%2Fv2%2Fcategories&post=318638"},{"taxonomy":"post_tag","embeddable":true,"href":"https:\/\/archive.sana.sy\/es\/index.php?rest_route=%2Fwp%2Fv2%2Ftags&post=318638"}],"curies":[{"name":"wp","href":"https:\/\/api.w.org\/{rel}","templated":true}]}}