{"id":318639,"date":"2024-01-04T10:49:35","date_gmt":"2024-01-04T07:49:35","guid":{"rendered":"https:\/\/sana.sy\/es\/?p=318639"},"modified":"2024-01-04T15:34:16","modified_gmt":"2024-01-04T12:34:16","slug":"50-martires-y-decenas-de-heridos-en-nueva-jornada-de-agresiones-israelies-contra-la-franja-de-gaza","status":"publish","type":"post","link":"https:\/\/archive.sana.sy\/es\/?p=318639","title":{"rendered":"50 m\u00e1rtires y decenas de heridos en nueva jornada de agresiones israel\u00edes contra la Franja de Gaza"},"content":{"rendered":"<p style=\"text-align: justify;\"><span style=\"color: #800000;\"><strong>Jerusal\u00e9n ocupada, 4 ene (SANA)<\/strong> <\/span>Al menos 50 palestinos perdieron la vida en otra jornada de agresi\u00f3n israel\u00ed contra varias \u00e1reas de la Franja de Gaza.<\/p>\n<p style=\"text-align: justify;\">Los aviones de combate israel\u00edes bombardearon una mezquita y las proximidades del Hospital Nasser y varias casas que albergaban a personas desplazadas al oeste de Khan Yunis, lo caus\u00f3 la muerte de al menos 34 palestinos e hiriendo a otros, seg\u00fan divulgaron medios palestinos.<\/p>\n<p style=\"text-align: justify;\">Asimismo, al menos 17 palestinos fueron asesinados y otros resultaron heridos en bombardeos a\u00e9reos contra viviendas en los campos de Deir al-Balah y Nuseirat, en el centro de la Franja de Gaza y en la ciudad de Rafah en el sur.<\/p>\n<p style=\"text-align: justify;\">El n\u00famero de muertos por la agresi\u00f3n israel\u00ed en la Franja de Gaza aument\u00f3 a 22.300 m\u00e1rtires y los heridos a 57.300 heridos.<\/p>\n<p style=\"text-align: justify;\">ed\/fm<\/p>\n","protected":false},"excerpt":{"rendered":"<p>Jerusal\u00e9n ocupada, 4 ene (SANA) Al menos 50 palestinos perdieron la vida en otra jornada de agresi\u00f3n israel\u00ed contra varias \u00e1reas de la Franja de Gaza. Los aviones de combate israel\u00edes bombardearon una mezquita y las proximidades del Hospital Nasser y varias casas que albergaban a personas desplazadas al oeste de Khan Yunis, lo caus\u00f3 &hellip;<\/p>\n","protected":false},"author":32,"featured_media":318642,"comment_status":"closed","ping_status":"closed","sticky":false,"template":"","format":"standard","meta":{"footnotes":""},"categories":[597,456,20724,7541],"tags":[],"class_list":["post-318639","post","type-post","status-publish","format-standard","has-post-thumbnail","","category-cinta-de-noticias","category-arabe-internacional-politica","category-minuto-a-minuto","category-ultimas-noticias"],"_links":{"self":[{"href":"https:\/\/archive.sana.sy\/es\/index.php?rest_route=\/wp\/v2\/posts\/318639"}],"collection":[{"href":"https:\/\/archive.sana.sy\/es\/index.php?rest_route=\/wp\/v2\/posts"}],"about":[{"href":"https:\/\/archive.sana.sy\/es\/index.php?rest_route=\/wp\/v2\/types\/post"}],"author":[{"embeddable":true,"href":"https:\/\/archive.sana.sy\/es\/index.php?rest_route=\/wp\/v2\/users\/32"}],"replies":[{"embeddable":true,"href":"https:\/\/archive.sana.sy\/es\/index.php?rest_route=%2Fwp%2Fv2%2Fcomments&post=318639"}],"version-history":[{"count":1,"href":"https:\/\/archive.sana.sy\/es\/index.php?rest_route=\/wp\/v2\/posts\/318639\/revisions"}],"predecessor-version":[{"id":318643,"href":"https:\/\/archive.sana.sy\/es\/index.php?rest_route=\/wp\/v2\/posts\/318639\/revisions\/318643"}],"wp:featuredmedia":[{"embeddable":true,"href":"https:\/\/archive.sana.sy\/es\/index.php?rest_route=\/wp\/v2\/media\/318642"}],"wp:attachment":[{"href":"https:\/\/archive.sana.sy\/es\/index.php?rest_route=%2Fwp%2Fv2%2Fmedia&parent=318639"}],"wp:term":[{"taxonomy":"category","embeddable":true,"href":"https:\/\/archive.sana.sy\/es\/index.php?rest_route=%2Fwp%2Fv2%2Fcategories&post=318639"},{"taxonomy":"post_tag","embeddable":true,"href":"https:\/\/archive.sana.sy\/es\/index.php?rest_route=%2Fwp%2Fv2%2Ftags&post=318639"}],"curies":[{"name":"wp","href":"https:\/\/api.w.org\/{rel}","templated":true}]}}