{"id":318646,"date":"2024-01-04T11:53:09","date_gmt":"2024-01-04T08:53:09","guid":{"rendered":"https:\/\/sana.sy\/es\/?p=318646"},"modified":"2024-01-04T12:22:37","modified_gmt":"2024-01-04T09:22:37","slug":"siria-condena-atentados-terrorista-en-kerman-y-ratifica-solidaridad-con-iran","status":"publish","type":"post","link":"https:\/\/archive.sana.sy\/es\/?p=318646","title":{"rendered":"Siria condena atentados terrorista en Kerman y ratifica solidaridad con Ir\u00e1n"},"content":{"rendered":"<p style=\"text-align: justify;\"><span style=\"color: #800000;\"><strong>Damasco, 4 ene (SANA)<\/strong> <\/span>&#8220;La Rep\u00fablica \u00c1rabe Siria repudia en los t\u00e9rminos m\u00e1s en\u00e9rgicos los dos traicioneros atentados terroristas contra civiles inocentes cerca del mausoleo del m\u00e1rtir teniente general Qassem Soleimani en la ciudad de Kerman, al sur de la Rep\u00fablica Isl\u00e1mica del Ir\u00e1n, y que provocaron la muerte y la lesi\u00f3n de cientos de ciudadanos&#8221;, afirm\u00f3 el Ministerio de Asuntos Exteriores y Expatriados en una declaraci\u00f3n emitida hoy.<\/p>\n<p style=\"text-align: justify;\">El comunicado expres\u00f3 el profundo pesar de Damasco, su m\u00e1s sentido p\u00e9same y su solidaridad con la dirigencia, gobierno y pueblo de Ir\u00e1n y a las familias afectadas, y sus deseos de una pronta recuperaci\u00f3n para los heridos.<\/p>\n<p style=\"text-align: justify;\">Los autores de estos actos terroristas y sus partidarios enfrentar\u00e1n un inevitable fracaso y no lograr\u00e1n sus abominables objetivos, y deben rendir cuentas dondequiera que se encuentren, afirm\u00f3 el Ministerio.<\/p>\n<p style=\"text-align: justify;\">Manifest\u00f3 la plena solidaridad con la Rep\u00fablica Isl\u00e1mica del Ir\u00e1n ante estos ataques terroristas y la confianza en su capacidad de superar sus secuelas.<\/p>\n<p style=\"text-align: justify;\">Este ataque terrorista no socavar\u00e1 la determinaci\u00f3n e insistencia de Ir\u00e1n en la lucha contra el terrorismo ni su defensa por las causas justas de los pueblos, se\u00f1al\u00f3 el texto.<\/p>\n<p style=\"text-align: justify;\">Consider\u00f3 que la escalada de atentados y actos terroristas por &#8220;partes hostiles&#8221; en la regi\u00f3n es una prueba clara de la derrota y el fracaso de sus proyectos destructivos.<\/p>\n<p style=\"text-align: justify;\">Advertimos que estos actos terroristas afectar\u00e1n negativamente la seguridad y la estabilidad de los pa\u00edses de la regi\u00f3n, y representan una grave amenaza a la paz y seguridad regional e internacional, concluy\u00f3 Canciller\u00eda su declaraci\u00f3n.<\/p>\n<p style=\"text-align: justify;\">fm\/ed<\/p>\n","protected":false},"excerpt":{"rendered":"<p>Damasco, 4 ene (SANA) &#8220;La Rep\u00fablica \u00c1rabe Siria repudia en los t\u00e9rminos m\u00e1s en\u00e9rgicos los dos traicioneros atentados terroristas contra civiles inocentes cerca del mausoleo del m\u00e1rtir teniente general Qassem Soleimani en la ciudad de Kerman, al sur de la Rep\u00fablica Isl\u00e1mica del Ir\u00e1n, y que provocaron la muerte y la lesi\u00f3n de cientos de &hellip;<\/p>\n","protected":false},"author":32,"featured_media":318648,"comment_status":"closed","ping_status":"closed","sticky":false,"template":"","format":"standard","meta":{"footnotes":""},"categories":[597,20724,467,583],"tags":[],"class_list":["post-318646","post","type-post","status-publish","format-standard","has-post-thumbnail","","category-cinta-de-noticias","category-minuto-a-minuto","category-siria-y-el-mundo","category-slide"],"_links":{"self":[{"href":"https:\/\/archive.sana.sy\/es\/index.php?rest_route=\/wp\/v2\/posts\/318646"}],"collection":[{"href":"https:\/\/archive.sana.sy\/es\/index.php?rest_route=\/wp\/v2\/posts"}],"about":[{"href":"https:\/\/archive.sana.sy\/es\/index.php?rest_route=\/wp\/v2\/types\/post"}],"author":[{"embeddable":true,"href":"https:\/\/archive.sana.sy\/es\/index.php?rest_route=\/wp\/v2\/users\/32"}],"replies":[{"embeddable":true,"href":"https:\/\/archive.sana.sy\/es\/index.php?rest_route=%2Fwp%2Fv2%2Fcomments&post=318646"}],"version-history":[{"count":2,"href":"https:\/\/archive.sana.sy\/es\/index.php?rest_route=\/wp\/v2\/posts\/318646\/revisions"}],"predecessor-version":[{"id":318649,"href":"https:\/\/archive.sana.sy\/es\/index.php?rest_route=\/wp\/v2\/posts\/318646\/revisions\/318649"}],"wp:featuredmedia":[{"embeddable":true,"href":"https:\/\/archive.sana.sy\/es\/index.php?rest_route=\/wp\/v2\/media\/318648"}],"wp:attachment":[{"href":"https:\/\/archive.sana.sy\/es\/index.php?rest_route=%2Fwp%2Fv2%2Fmedia&parent=318646"}],"wp:term":[{"taxonomy":"category","embeddable":true,"href":"https:\/\/archive.sana.sy\/es\/index.php?rest_route=%2Fwp%2Fv2%2Fcategories&post=318646"},{"taxonomy":"post_tag","embeddable":true,"href":"https:\/\/archive.sana.sy\/es\/index.php?rest_route=%2Fwp%2Fv2%2Ftags&post=318646"}],"curies":[{"name":"wp","href":"https:\/\/api.w.org\/{rel}","templated":true}]}}