{"id":318652,"date":"2024-01-04T12:48:32","date_gmt":"2024-01-04T09:48:32","guid":{"rendered":"https:\/\/sana.sy\/es\/?p=318652"},"modified":"2024-01-04T15:31:23","modified_gmt":"2024-01-04T12:31:23","slug":"unrwa-casi-19-millones-de-gazatis-estan-desplazadas-internamente","status":"publish","type":"post","link":"https:\/\/archive.sana.sy\/es\/?p=318652","title":{"rendered":"UNRWA: casi 1,9 millones de gazat\u00eds est\u00e1n desplazados internamente"},"content":{"rendered":"<p style=\"text-align: justify;\"><span style=\"color: #800000;\"><strong>Gaza, 04 ene (SANA)\u00a0<\/strong> <\/span>Seg\u00fan datos revelados por la Agencia de Obras P\u00fablicas y Socorro de las Naciones Unidas para los Refugiados de Palestina (UNRWA), alrededor de 1,9 millones de palestinos, o casi el 85 por ciento de la poblaci\u00f3n total de Gaza, son desplazados internos, incluidos algunos que han sido desplazados varias veces, ya que las familias se ven obligadas a mudarse en busca de seguridad.<\/p>\n<p style=\"text-align: justify;\">La UNRWA inform\u00f3 que casi 1,4 millones de desplazados internos est\u00e1n albergados en 155 instalaciones de la mencionada entidad en las cinco gobernaciones palestinas.<\/p>\n<p style=\"text-align: justify;\">A\u00f1adi\u00f3 que el n\u00famero de desplazados internos en las gobernaciones del norte no se ha actualizado desde el 12 de octubre, debido a limitaciones de acceso y a la situaci\u00f3n de seguridad que impide la verificaci\u00f3n.<\/p>\n<p style=\"text-align: justify;\">sm<\/p>\n<p style=\"text-align: justify;\">\n","protected":false},"excerpt":{"rendered":"<p>Gaza, 04 ene (SANA)\u00a0 Seg\u00fan datos revelados por la Agencia de Obras P\u00fablicas y Socorro de las Naciones Unidas para los Refugiados de Palestina (UNRWA), alrededor de 1,9 millones de palestinos, o casi el 85 por ciento de la poblaci\u00f3n total de Gaza, son desplazados internos, incluidos algunos que han sido desplazados varias veces, ya &hellip;<\/p>\n","protected":false},"author":39,"featured_media":318653,"comment_status":"closed","ping_status":"closed","sticky":false,"template":"","format":"standard","meta":{"footnotes":""},"categories":[597,456,16687,20724,467,583],"tags":[],"class_list":["post-318652","post","type-post","status-publish","format-standard","has-post-thumbnail","","category-cinta-de-noticias","category-arabe-internacional-politica","category-internacionales","category-minuto-a-minuto","category-siria-y-el-mundo","category-slide"],"_links":{"self":[{"href":"https:\/\/archive.sana.sy\/es\/index.php?rest_route=\/wp\/v2\/posts\/318652"}],"collection":[{"href":"https:\/\/archive.sana.sy\/es\/index.php?rest_route=\/wp\/v2\/posts"}],"about":[{"href":"https:\/\/archive.sana.sy\/es\/index.php?rest_route=\/wp\/v2\/types\/post"}],"author":[{"embeddable":true,"href":"https:\/\/archive.sana.sy\/es\/index.php?rest_route=\/wp\/v2\/users\/39"}],"replies":[{"embeddable":true,"href":"https:\/\/archive.sana.sy\/es\/index.php?rest_route=%2Fwp%2Fv2%2Fcomments&post=318652"}],"version-history":[{"count":2,"href":"https:\/\/archive.sana.sy\/es\/index.php?rest_route=\/wp\/v2\/posts\/318652\/revisions"}],"predecessor-version":[{"id":318655,"href":"https:\/\/archive.sana.sy\/es\/index.php?rest_route=\/wp\/v2\/posts\/318652\/revisions\/318655"}],"wp:featuredmedia":[{"embeddable":true,"href":"https:\/\/archive.sana.sy\/es\/index.php?rest_route=\/wp\/v2\/media\/318653"}],"wp:attachment":[{"href":"https:\/\/archive.sana.sy\/es\/index.php?rest_route=%2Fwp%2Fv2%2Fmedia&parent=318652"}],"wp:term":[{"taxonomy":"category","embeddable":true,"href":"https:\/\/archive.sana.sy\/es\/index.php?rest_route=%2Fwp%2Fv2%2Fcategories&post=318652"},{"taxonomy":"post_tag","embeddable":true,"href":"https:\/\/archive.sana.sy\/es\/index.php?rest_route=%2Fwp%2Fv2%2Ftags&post=318652"}],"curies":[{"name":"wp","href":"https:\/\/api.w.org\/{rel}","templated":true}]}}