{"id":318676,"date":"2024-01-04T16:19:01","date_gmt":"2024-01-04T13:19:01","guid":{"rendered":"https:\/\/sana.sy\/es\/?p=318676"},"modified":"2024-01-04T18:06:36","modified_gmt":"2024-01-04T15:06:36","slug":"ministerio-palestino-de-salud-eleva-a-22-438-la-cifra-de-palestinos-muertos-y-a-57-614-la-de-los-heridos-por-la-actual-agresion-israeli-contra-la-franja-de-gaza-hace-90-dias-consecutivos","status":"publish","type":"post","link":"https:\/\/archive.sana.sy\/es\/?p=318676","title":{"rendered":"Ministerio palestino de Salud eleva a 22.438 la cifra de palestinos muertos y a 57.614 la de los heridos por la actual agresi\u00f3n israel\u00ed contra la Franja de Gaza hace 90 d\u00edas consecutivos"},"content":{"rendered":"","protected":false},"excerpt":{"rendered":"","protected":false},"author":39,"featured_media":0,"comment_status":"closed","ping_status":"closed","sticky":false,"template":"","format":"standard","meta":{"footnotes":""},"categories":[20724],"tags":[],"class_list":["post-318676","post","type-post","status-publish","format-standard","","category-minuto-a-minuto"],"_links":{"self":[{"href":"https:\/\/archive.sana.sy\/es\/index.php?rest_route=\/wp\/v2\/posts\/318676"}],"collection":[{"href":"https:\/\/archive.sana.sy\/es\/index.php?rest_route=\/wp\/v2\/posts"}],"about":[{"href":"https:\/\/archive.sana.sy\/es\/index.php?rest_route=\/wp\/v2\/types\/post"}],"author":[{"embeddable":true,"href":"https:\/\/archive.sana.sy\/es\/index.php?rest_route=\/wp\/v2\/users\/39"}],"replies":[{"embeddable":true,"href":"https:\/\/archive.sana.sy\/es\/index.php?rest_route=%2Fwp%2Fv2%2Fcomments&post=318676"}],"version-history":[{"count":1,"href":"https:\/\/archive.sana.sy\/es\/index.php?rest_route=\/wp\/v2\/posts\/318676\/revisions"}],"predecessor-version":[{"id":318677,"href":"https:\/\/archive.sana.sy\/es\/index.php?rest_route=\/wp\/v2\/posts\/318676\/revisions\/318677"}],"wp:attachment":[{"href":"https:\/\/archive.sana.sy\/es\/index.php?rest_route=%2Fwp%2Fv2%2Fmedia&parent=318676"}],"wp:term":[{"taxonomy":"category","embeddable":true,"href":"https:\/\/archive.sana.sy\/es\/index.php?rest_route=%2Fwp%2Fv2%2Fcategories&post=318676"},{"taxonomy":"post_tag","embeddable":true,"href":"https:\/\/archive.sana.sy\/es\/index.php?rest_route=%2Fwp%2Fv2%2Ftags&post=318676"}],"curies":[{"name":"wp","href":"https:\/\/api.w.org\/{rel}","templated":true}]}}