{"id":31869,"date":"2015-10-20T13:00:23","date_gmt":"2015-10-20T10:00:23","guid":{"rendered":"http:\/\/sana.sy\/es\/?p=31869"},"modified":"2015-10-20T13:00:23","modified_gmt":"2015-10-20T10:00:23","slug":"ejercito-libanes-detiene-a-un-terrorista-sirio-en-beirut","status":"publish","type":"post","link":"https:\/\/archive.sana.sy\/es\/?p=31869","title":{"rendered":"Ej\u00e9rcito liban\u00e9s detiene a un terrorista sirio en Beirut"},"content":{"rendered":"<p><span style=\"color: #800000\">Beirut, SANA<\/span><\/p>\n<p>El ej\u00e9rcito liban\u00e9s detuvo a un terrorista sirio en el barrio de Quskus de la capital Beirut.<\/p>\n<p>El Comando del Ej\u00e9rcito liban\u00e9s dijo en un comunicado que el terrorista Mohamed Sherif Awad fue detenido por pertenecer a organizaciones terroristas y participar en ataques contra el ej\u00e9rcito liban\u00e9s en la localidad de Arsal.<\/p>\n<p>El ej\u00e9rcito liban\u00e9s hab\u00eda detenido en septiembre pasado a cuatro terroristas que llevan la nacionalidad siria despu\u00e9s de una redada contra una casa en la ciudad libanesa de Arsal en la regi\u00f3n de Bekaa.<br \/>\n<span style=\"color: #00ccff\">Fady M., Hala B.<\/span><\/p>\n","protected":false},"excerpt":{"rendered":"<p>Beirut, SANA El ej\u00e9rcito liban\u00e9s detuvo a un terrorista sirio en el barrio de Quskus de la capital Beirut. El Comando del Ej\u00e9rcito liban\u00e9s dijo en un comunicado que el terrorista Mohamed Sherif Awad fue detenido por pertenecer a organizaciones terroristas y participar en ataques contra el ej\u00e9rcito liban\u00e9s en la localidad de Arsal. El &hellip;<\/p>\n","protected":false},"author":1,"featured_media":31870,"comment_status":"closed","ping_status":"closed","sticky":false,"template":"","format":"standard","meta":{"footnotes":""},"categories":[456,457],"tags":[7101],"class_list":["post-31869","post","type-post","status-publish","format-standard","has-post-thumbnail","","category-arabe-internacional-politica","category-noticias-arabe-internacional-politica","tag-ejercito-libanes-detiene-a-un-terrorista-sirio-en-beirut"],"_links":{"self":[{"href":"https:\/\/archive.sana.sy\/es\/index.php?rest_route=\/wp\/v2\/posts\/31869"}],"collection":[{"href":"https:\/\/archive.sana.sy\/es\/index.php?rest_route=\/wp\/v2\/posts"}],"about":[{"href":"https:\/\/archive.sana.sy\/es\/index.php?rest_route=\/wp\/v2\/types\/post"}],"author":[{"embeddable":true,"href":"https:\/\/archive.sana.sy\/es\/index.php?rest_route=\/wp\/v2\/users\/1"}],"replies":[{"embeddable":true,"href":"https:\/\/archive.sana.sy\/es\/index.php?rest_route=%2Fwp%2Fv2%2Fcomments&post=31869"}],"version-history":[{"count":0,"href":"https:\/\/archive.sana.sy\/es\/index.php?rest_route=\/wp\/v2\/posts\/31869\/revisions"}],"wp:featuredmedia":[{"embeddable":true,"href":"https:\/\/archive.sana.sy\/es\/index.php?rest_route=\/wp\/v2\/media\/31870"}],"wp:attachment":[{"href":"https:\/\/archive.sana.sy\/es\/index.php?rest_route=%2Fwp%2Fv2%2Fmedia&parent=31869"}],"wp:term":[{"taxonomy":"category","embeddable":true,"href":"https:\/\/archive.sana.sy\/es\/index.php?rest_route=%2Fwp%2Fv2%2Fcategories&post=31869"},{"taxonomy":"post_tag","embeddable":true,"href":"https:\/\/archive.sana.sy\/es\/index.php?rest_route=%2Fwp%2Fv2%2Ftags&post=31869"}],"curies":[{"name":"wp","href":"https:\/\/api.w.org\/{rel}","templated":true}]}}