{"id":318703,"date":"2024-01-05T09:56:22","date_gmt":"2024-01-05T06:56:22","guid":{"rendered":"https:\/\/sana.sy\/es\/?p=318703"},"modified":"2024-01-05T10:24:15","modified_gmt":"2024-01-05T07:24:15","slug":"cancilleres-de-siria-e-iran-condenan-agresion-israeli-y-piden-unidad-mundial-para-enfrentar-el-terrorismo","status":"publish","type":"post","link":"https:\/\/archive.sana.sy\/es\/?p=318703","title":{"rendered":"Cancilleres de Siria e Ir\u00e1n condenan agresi\u00f3n israel\u00ed y piden unidad mundial para enfrentar el terrorismo"},"content":{"rendered":"<blockquote>\n<p style=\"text-align: justify;\"><span style=\"color: #ff6600;\"><strong>Los dos ministros subrayaron la necesidad de que todos los pueblos del mundo frenen este criminal ataque sionista porque amenaza el presente y el futuro de la humanidad y deroga el derecho internacional humanitario.<\/strong><\/span><\/p>\n<\/blockquote>\n<p style=\"text-align: justify;\"><span style=\"color: #800000;\"><strong>Damasco, 5 ene (SANA)<\/strong> <\/span>El Ministro de Asuntos Exteriores y Expatriados, Faisal Al-Mekdad, ofreci\u00f3 sus condolencias al pueblo iran\u00ed y a todas las familias de las v\u00edctimas que cayeron en los atentados terroristas en la ciudad de Kerman.<\/p>\n<p style=\"text-align: justify;\">\u201cEn mi nombre y en el del gobierno de la Rep\u00fablica \u00c1rabe Siria, expreso mis condolencias por las v\u00edctimas de este acto criminal que apunt\u00f3 contra civiles inocentes\u201d, dijo el canciller sirio en una llamada telef\u00f3nica al ministro de Asuntos Exteriores iran\u00ed, Hossein Amir Abdollahian.<\/p>\n<p style=\"text-align: justify;\">Al-Mekdad destac\u00f3 la necesidad de que las fuerzas que est\u00e9n detr\u00e1s de este crimen rindan cuentas, y hacer la coordinaci\u00f3n necesaria para descubrir a sus autores.<\/p>\n<p style=\"text-align: justify;\">\u201cEs necesario que el mundo est\u00e9 unido contra el terrorismo y Siria est\u00e1 determinada a continuar la lucha antiterrorista en cualquier lugar y seguir enfrentando las fuerzas criminales que respaldan y patrocinan este flagelo, incluso trabajar para que rindan cuentas en virtud del Derecho Internacional\u201d, puntualiz\u00f3 el jefe de la diplomacia siria.<\/p>\n<p style=\"text-align: justify;\">Reiter\u00f3 la plena solidaridad de Siria con los dirigentes y el pueblo de la Rep\u00fablica Isl\u00e1mica de Ir\u00e1n.<\/p>\n<p style=\"text-align: justify;\">Por su parte, el ministro Abdullahian expres\u00f3 su agradecimiento por la solidaridad del pueblo sirio con el iran\u00ed y destac\u00f3 las opiniones y posturas compartidas por los dos pa\u00edses sobre la necesidad de combatir el terrorismo en todas sus formas, as\u00ed como de resistir la escalada sionista a vengarse del pueblo palestino.<\/p>\n<p style=\"text-align: justify;\">Las dos partes subrayaron la necesidad de que todos los pueblos del mundo frenen este criminal ataque sionista porque amenaza el presente y el futuro de la humanidad y deroga el derecho internacional humanitario.<\/p>\n<p style=\"text-align: justify;\">Tambi\u00e9n condenaron la destrucci\u00f3n causada por la entidad sionista y sus partidarios, en particular Estados Unidos y los pa\u00edses del Occidente colectivo, que todav\u00eda apoyan los cr\u00edmenes de guerra y los de lesa humanidad cometidos en la Franja de Gaza y Cisjordania.<\/p>\n<p style=\"text-align: justify;\">Los dos cancilleres destacaron la necesidad de la solidaridad de todos los pueblos del mundo en la lucha contra el terrorismo, especialmente el terrorismo sionista, y la necesidad de detener esta destructiva guerra israel\u00ed y proporcionar ayuda humanitaria inmediata al pueblo palestino en Gaza, y responsabilizar a las autoridades sionistas por la guerra genocida que est\u00e1n cometiendo.<\/p>\n<p style=\"text-align: justify;\"><strong>fm\/ah<\/strong><\/p>\n","protected":false},"excerpt":{"rendered":"<p>Los dos ministros subrayaron la necesidad de que todos los pueblos del mundo frenen este criminal ataque sionista porque amenaza el presente y el futuro de la humanidad y deroga el derecho internacional humanitario. Damasco, 5 ene (SANA) El Ministro de Asuntos Exteriores y Expatriados, Faisal Al-Mekdad, ofreci\u00f3 sus condolencias al pueblo iran\u00ed y a &hellip;<\/p>\n","protected":false},"author":30,"featured_media":318720,"comment_status":"closed","ping_status":"closed","sticky":false,"template":"","format":"standard","meta":{"footnotes":""},"categories":[597,20724,467,583],"tags":[],"class_list":["post-318703","post","type-post","status-publish","format-standard","has-post-thumbnail","","category-cinta-de-noticias","category-minuto-a-minuto","category-siria-y-el-mundo","category-slide"],"_links":{"self":[{"href":"https:\/\/archive.sana.sy\/es\/index.php?rest_route=\/wp\/v2\/posts\/318703"}],"collection":[{"href":"https:\/\/archive.sana.sy\/es\/index.php?rest_route=\/wp\/v2\/posts"}],"about":[{"href":"https:\/\/archive.sana.sy\/es\/index.php?rest_route=\/wp\/v2\/types\/post"}],"author":[{"embeddable":true,"href":"https:\/\/archive.sana.sy\/es\/index.php?rest_route=\/wp\/v2\/users\/30"}],"replies":[{"embeddable":true,"href":"https:\/\/archive.sana.sy\/es\/index.php?rest_route=%2Fwp%2Fv2%2Fcomments&post=318703"}],"version-history":[{"count":1,"href":"https:\/\/archive.sana.sy\/es\/index.php?rest_route=\/wp\/v2\/posts\/318703\/revisions"}],"predecessor-version":[{"id":318705,"href":"https:\/\/archive.sana.sy\/es\/index.php?rest_route=\/wp\/v2\/posts\/318703\/revisions\/318705"}],"wp:featuredmedia":[{"embeddable":true,"href":"https:\/\/archive.sana.sy\/es\/index.php?rest_route=\/wp\/v2\/media\/318720"}],"wp:attachment":[{"href":"https:\/\/archive.sana.sy\/es\/index.php?rest_route=%2Fwp%2Fv2%2Fmedia&parent=318703"}],"wp:term":[{"taxonomy":"category","embeddable":true,"href":"https:\/\/archive.sana.sy\/es\/index.php?rest_route=%2Fwp%2Fv2%2Fcategories&post=318703"},{"taxonomy":"post_tag","embeddable":true,"href":"https:\/\/archive.sana.sy\/es\/index.php?rest_route=%2Fwp%2Fv2%2Ftags&post=318703"}],"curies":[{"name":"wp","href":"https:\/\/api.w.org\/{rel}","templated":true}]}}