{"id":318736,"date":"2024-01-05T16:55:33","date_gmt":"2024-01-05T13:55:33","guid":{"rendered":"https:\/\/sana.sy\/es\/?p=318736"},"modified":"2024-01-05T16:55:33","modified_gmt":"2024-01-05T13:55:33","slug":"rusia-lanzo-42-ataques-masivos-contra-centros-de-toma-de-decisiones-e-instalaciones-militares-en-ucrania","status":"publish","type":"post","link":"https:\/\/archive.sana.sy\/es\/?p=318736","title":{"rendered":"Rusia lanz\u00f3 42 ataques masivos contra centros de toma de decisiones e instalaciones militares en Ucrania"},"content":{"rendered":"<p style=\"text-align: justify;\"><span style=\"color: #800000;\"><strong>Mosc\u00fa, 5 ene (SANA)<\/strong> <\/span>El Ministerio de Defensa de la Federaci\u00f3n de Rusia ofreci\u00f3 hoy un resumen semanal sobre el avance de la operaci\u00f3n militar especial para el per\u00edodo comprendido entre el 30 de diciembre de 2023 y el 5 de enero de 2024.<\/p>\n<p style=\"text-align: justify;\">De acuerdo con el ente castrense, durante este per\u00edodo las Fuerzas Armadas de la Federaci\u00f3n de Rusia llevaron a cabo 42 ataques con drones y misiles de largo alcance y alta precisi\u00f3n contra centros de toma de decisiones e instalaciones del complejo militar-industrial de Ucrania.<\/p>\n<p style=\"text-align: justify;\">Tambi\u00e9n fueron atacadas infraestructuras de los aer\u00f3dromos militares, arsenales y dep\u00f3sitos de combustible.<br \/>\nAsimismo, se llevaron a cabo ataques contra campos de unidades de las fuerzas armadas ucranianas, formaciones ultranacionalistas y mercenarios extranjeros.<\/p>\n<p style=\"text-align: justify;\">Seg\u00fan el Ministerio, todos los objetivos designados fueron alcanzados.<\/p>\n<p style=\"text-align: justify;\">fm\/sm<\/p>\n","protected":false},"excerpt":{"rendered":"<p>Mosc\u00fa, 5 ene (SANA) El Ministerio de Defensa de la Federaci\u00f3n de Rusia ofreci\u00f3 hoy un resumen semanal sobre el avance de la operaci\u00f3n militar especial para el per\u00edodo comprendido entre el 30 de diciembre de 2023 y el 5 de enero de 2024. De acuerdo con el ente castrense, durante este per\u00edodo las Fuerzas &hellip;<\/p>\n","protected":false},"author":39,"featured_media":318737,"comment_status":"closed","ping_status":"closed","sticky":false,"template":"","format":"standard","meta":{"footnotes":""},"categories":[597,456,16687,20724,7541],"tags":[],"class_list":["post-318736","post","type-post","status-publish","format-standard","has-post-thumbnail","","category-cinta-de-noticias","category-arabe-internacional-politica","category-internacionales","category-minuto-a-minuto","category-ultimas-noticias"],"_links":{"self":[{"href":"https:\/\/archive.sana.sy\/es\/index.php?rest_route=\/wp\/v2\/posts\/318736"}],"collection":[{"href":"https:\/\/archive.sana.sy\/es\/index.php?rest_route=\/wp\/v2\/posts"}],"about":[{"href":"https:\/\/archive.sana.sy\/es\/index.php?rest_route=\/wp\/v2\/types\/post"}],"author":[{"embeddable":true,"href":"https:\/\/archive.sana.sy\/es\/index.php?rest_route=\/wp\/v2\/users\/39"}],"replies":[{"embeddable":true,"href":"https:\/\/archive.sana.sy\/es\/index.php?rest_route=%2Fwp%2Fv2%2Fcomments&post=318736"}],"version-history":[{"count":1,"href":"https:\/\/archive.sana.sy\/es\/index.php?rest_route=\/wp\/v2\/posts\/318736\/revisions"}],"predecessor-version":[{"id":318738,"href":"https:\/\/archive.sana.sy\/es\/index.php?rest_route=\/wp\/v2\/posts\/318736\/revisions\/318738"}],"wp:featuredmedia":[{"embeddable":true,"href":"https:\/\/archive.sana.sy\/es\/index.php?rest_route=\/wp\/v2\/media\/318737"}],"wp:attachment":[{"href":"https:\/\/archive.sana.sy\/es\/index.php?rest_route=%2Fwp%2Fv2%2Fmedia&parent=318736"}],"wp:term":[{"taxonomy":"category","embeddable":true,"href":"https:\/\/archive.sana.sy\/es\/index.php?rest_route=%2Fwp%2Fv2%2Fcategories&post=318736"},{"taxonomy":"post_tag","embeddable":true,"href":"https:\/\/archive.sana.sy\/es\/index.php?rest_route=%2Fwp%2Fv2%2Ftags&post=318736"}],"curies":[{"name":"wp","href":"https:\/\/api.w.org\/{rel}","templated":true}]}}