{"id":318769,"date":"2024-01-06T12:01:14","date_gmt":"2024-01-06T09:01:14","guid":{"rendered":"https:\/\/sana.sy\/es\/?p=318769"},"modified":"2024-01-06T12:01:14","modified_gmt":"2024-01-06T09:01:14","slug":"decenas-de-palestinos-pierden-la-vida-en-persistente-agresion-israeli-contra-gaza","status":"publish","type":"post","link":"https:\/\/archive.sana.sy\/es\/?p=318769","title":{"rendered":"Decenas de palestinos pierden la vida en persistente agresi\u00f3n israel\u00ed contra Gaza"},"content":{"rendered":"<p style=\"text-align: justify;\"><span style=\"color: #800000;\"><strong>Jerusal\u00e9n ocupada, 06 ene (SANA)<\/strong><\/span> Decenas de palestinos perdieron la vida esta madrugada debido a los continuos bombardeos del ej\u00e9rcito israel\u00ed contra la Franja de Gaza.<\/p>\n<p style=\"text-align: justify;\">Seg\u00fan informes de medios palestinos, la aviaci\u00f3n israel\u00ed intensific\u00f3 sus ataques en Deir al-Balah, en el centro de Gaza, elevando el n\u00famero de m\u00e1rtires en las \u00faltimas 24 horas a 35, con m\u00e1s de 60 heridos, la mayor\u00eda de ellos ni\u00f1os y mujeres.<\/p>\n<p style=\"text-align: justify;\">Adem\u00e1s, aviones israel\u00edes bombardearon una casa en la zona de Al-Manara, al este de Khan Yunis, en el sur de Gaza, causando la muerte de 18 palestinos, incluidos ni\u00f1os y mujeres, e hiriendo a otros.<\/p>\n<p style=\"text-align: justify;\">Mientras tanto, los ataques a\u00e9reos y de artiller\u00eda israel\u00edes tambi\u00e9n persistieron en la ciudad de Rafah, al sur.<\/p>\n<p style=\"text-align: justify;\">El saldo de v\u00edctimas de la prolongada agresi\u00f3n israel\u00ed a Gaza durante 92 d\u00edas consecutivos, ascendi\u00f3 a m\u00e1s de 22 mil 438 palestinos muertos, entre ellos 9 mil 730 ni\u00f1os y 6 mil 830 mujeres, adem\u00e1s de m\u00e1s de 7,000 desaparecidos y m\u00e1s de 57 mil 600 heridos.<\/p>\n<p style=\"text-align: justify;\"><em><strong>ah\/fm<\/strong><\/em><\/p>\n","protected":false},"excerpt":{"rendered":"<p>Jerusal\u00e9n ocupada, 06 ene (SANA) Decenas de palestinos perdieron la vida esta madrugada debido a los continuos bombardeos del ej\u00e9rcito israel\u00ed contra la Franja de Gaza. Seg\u00fan informes de medios palestinos, la aviaci\u00f3n israel\u00ed intensific\u00f3 sus ataques en Deir al-Balah, en el centro de Gaza, elevando el n\u00famero de m\u00e1rtires en las \u00faltimas 24 horas &hellip;<\/p>\n","protected":false},"author":30,"featured_media":318770,"comment_status":"closed","ping_status":"closed","sticky":false,"template":"","format":"standard","meta":{"footnotes":""},"categories":[597,456,20724,583],"tags":[],"class_list":["post-318769","post","type-post","status-publish","format-standard","has-post-thumbnail","","category-cinta-de-noticias","category-arabe-internacional-politica","category-minuto-a-minuto","category-slide"],"_links":{"self":[{"href":"https:\/\/archive.sana.sy\/es\/index.php?rest_route=\/wp\/v2\/posts\/318769"}],"collection":[{"href":"https:\/\/archive.sana.sy\/es\/index.php?rest_route=\/wp\/v2\/posts"}],"about":[{"href":"https:\/\/archive.sana.sy\/es\/index.php?rest_route=\/wp\/v2\/types\/post"}],"author":[{"embeddable":true,"href":"https:\/\/archive.sana.sy\/es\/index.php?rest_route=\/wp\/v2\/users\/30"}],"replies":[{"embeddable":true,"href":"https:\/\/archive.sana.sy\/es\/index.php?rest_route=%2Fwp%2Fv2%2Fcomments&post=318769"}],"version-history":[{"count":1,"href":"https:\/\/archive.sana.sy\/es\/index.php?rest_route=\/wp\/v2\/posts\/318769\/revisions"}],"predecessor-version":[{"id":318771,"href":"https:\/\/archive.sana.sy\/es\/index.php?rest_route=\/wp\/v2\/posts\/318769\/revisions\/318771"}],"wp:featuredmedia":[{"embeddable":true,"href":"https:\/\/archive.sana.sy\/es\/index.php?rest_route=\/wp\/v2\/media\/318770"}],"wp:attachment":[{"href":"https:\/\/archive.sana.sy\/es\/index.php?rest_route=%2Fwp%2Fv2%2Fmedia&parent=318769"}],"wp:term":[{"taxonomy":"category","embeddable":true,"href":"https:\/\/archive.sana.sy\/es\/index.php?rest_route=%2Fwp%2Fv2%2Fcategories&post=318769"},{"taxonomy":"post_tag","embeddable":true,"href":"https:\/\/archive.sana.sy\/es\/index.php?rest_route=%2Fwp%2Fv2%2Ftags&post=318769"}],"curies":[{"name":"wp","href":"https:\/\/api.w.org\/{rel}","templated":true}]}}