{"id":318772,"date":"2024-01-06T12:03:50","date_gmt":"2024-01-06T09:03:50","guid":{"rendered":"https:\/\/sana.sy\/es\/?p=318772"},"modified":"2024-01-06T12:03:50","modified_gmt":"2024-01-06T09:03:50","slug":"periodista-palestino-muere-tras-resultar-herido-en-bombardeo-israeli-contra-gaza","status":"publish","type":"post","link":"https:\/\/archive.sana.sy\/es\/?p=318772","title":{"rendered":"Periodista palestino muere tras resultar herido en bombardeo israel\u00ed contra Gaza"},"content":{"rendered":"<p style=\"text-align: justify;\"><span style=\"color: #800000;\"><strong>Jerusal\u00e9n ocupada, 06 ene (SANA)<\/strong><\/span> El Sindicato de Periodistas Palestinos anunci\u00f3 la muerte del periodista Akram Al-Shafei como resultado de sus heridas en el bombardeo de la ocupaci\u00f3n israel\u00ed contra la Franja de Gaza.<\/p>\n<p style=\"text-align: justify;\">El sindicato explic\u00f3 en un comunicado, que Al-Shafei cay\u00f3 m\u00e1rtir despu\u00e9s de un doloroso viaje de tratamiento por una herida que sufri\u00f3 durante el asedio y el bombardeo de la ocupaci\u00f3n israel\u00ed del Hospital Al-Shifa en la ciudad de Gaza.<\/p>\n<p style=\"text-align: justify;\">El sindicato hizo un llamado a la comunidad internacional y a las organizaciones competentes para que presionaran a las autoridades de ocupaci\u00f3n para facilitar la salida fuera de la Franja de Gaza a los periodistas heridos como resultado de la agresi\u00f3n israel\u00ed para recibir tratamiento.<\/p>\n<p style=\"text-align: justify;\">Se\u00f1al\u00f3 que hay unos 25 periodistas en la Franja de Gaza que necesitan tratamiento urgente en el extranjero.<\/p>\n<p style=\"text-align: justify;\">La muerte de Al-Shafei elev\u00f3 a 103 el n\u00famero de periodistas asesinados por \u201cIsrael\u201d, seg\u00fan el sindicato.<\/p>\n<p style=\"text-align: justify;\"><em><strong>ah\/fm<\/strong><\/em><\/p>\n","protected":false},"excerpt":{"rendered":"<p>Jerusal\u00e9n ocupada, 06 ene (SANA) El Sindicato de Periodistas Palestinos anunci\u00f3 la muerte del periodista Akram Al-Shafei como resultado de sus heridas en el bombardeo de la ocupaci\u00f3n israel\u00ed contra la Franja de Gaza. El sindicato explic\u00f3 en un comunicado, que Al-Shafei cay\u00f3 m\u00e1rtir despu\u00e9s de un doloroso viaje de tratamiento por una herida que &hellip;<\/p>\n","protected":false},"author":30,"featured_media":318773,"comment_status":"closed","ping_status":"closed","sticky":false,"template":"","format":"standard","meta":{"footnotes":""},"categories":[597,456,20724,7541],"tags":[],"class_list":["post-318772","post","type-post","status-publish","format-standard","has-post-thumbnail","","category-cinta-de-noticias","category-arabe-internacional-politica","category-minuto-a-minuto","category-ultimas-noticias"],"_links":{"self":[{"href":"https:\/\/archive.sana.sy\/es\/index.php?rest_route=\/wp\/v2\/posts\/318772"}],"collection":[{"href":"https:\/\/archive.sana.sy\/es\/index.php?rest_route=\/wp\/v2\/posts"}],"about":[{"href":"https:\/\/archive.sana.sy\/es\/index.php?rest_route=\/wp\/v2\/types\/post"}],"author":[{"embeddable":true,"href":"https:\/\/archive.sana.sy\/es\/index.php?rest_route=\/wp\/v2\/users\/30"}],"replies":[{"embeddable":true,"href":"https:\/\/archive.sana.sy\/es\/index.php?rest_route=%2Fwp%2Fv2%2Fcomments&post=318772"}],"version-history":[{"count":1,"href":"https:\/\/archive.sana.sy\/es\/index.php?rest_route=\/wp\/v2\/posts\/318772\/revisions"}],"predecessor-version":[{"id":318774,"href":"https:\/\/archive.sana.sy\/es\/index.php?rest_route=\/wp\/v2\/posts\/318772\/revisions\/318774"}],"wp:featuredmedia":[{"embeddable":true,"href":"https:\/\/archive.sana.sy\/es\/index.php?rest_route=\/wp\/v2\/media\/318773"}],"wp:attachment":[{"href":"https:\/\/archive.sana.sy\/es\/index.php?rest_route=%2Fwp%2Fv2%2Fmedia&parent=318772"}],"wp:term":[{"taxonomy":"category","embeddable":true,"href":"https:\/\/archive.sana.sy\/es\/index.php?rest_route=%2Fwp%2Fv2%2Fcategories&post=318772"},{"taxonomy":"post_tag","embeddable":true,"href":"https:\/\/archive.sana.sy\/es\/index.php?rest_route=%2Fwp%2Fv2%2Ftags&post=318772"}],"curies":[{"name":"wp","href":"https:\/\/api.w.org\/{rel}","templated":true}]}}