{"id":318775,"date":"2024-01-06T12:07:26","date_gmt":"2024-01-06T09:07:26","guid":{"rendered":"https:\/\/sana.sy\/es\/?p=318775"},"modified":"2024-01-06T12:33:24","modified_gmt":"2024-01-06T09:33:24","slug":"coordinador-de-la-onu-gaza-enfrenta-amenazas-diarias-a-plena-vista-mundial-y-los-bombardeos-israelies-la-hacen-inhabitable","status":"publish","type":"post","link":"https:\/\/archive.sana.sy\/es\/?p=318775","title":{"rendered":"Griffiths: Los bombardeos israel\u00edes convirtieron a Gaza en territorio inhabitable"},"content":{"rendered":"<p style=\"text-align: justify;\"><span style=\"color: #800000;\"><strong>Nueva York, 06 ene (SANA)<\/strong><\/span> El coordinador de Asuntos Humanitarios de las Naciones Unidas, Martin Griffiths, afirm\u00f3 que la Franja de Gaza es &#8220;inhabitable&#8221; despu\u00e9s de ser devastada por los intensos bombardeos israel\u00edes.<\/p>\n<p style=\"text-align: justify;\">Griffiths subray\u00f3 en un comunicado citado por la agencia France Presse que, despu\u00e9s de tres meses, Gaza se convirti\u00f3 en \u201cun lugar de muerte y desesperaci\u00f3n, donde sus habitantes enfrentan amenazas diarias a plena vista del mundo\u201d.<\/p>\n<p style=\"text-align: justify;\">Reiter\u00f3 su llamado a un inmediato alto el fuego, tanto por el bien de los residentes de Gaza como por sus vecinos amenazados, y por las generaciones futuras que nunca olvidar\u00e1n los noventa d\u00edas de sufrimiento y ataques contra los principios humanitarios fundamentales.<\/p>\n<p style=\"text-align: justify;\">Las fuerzas de ocupaci\u00f3n israel\u00edes contin\u00faan su brutal agresi\u00f3n contra Gaza desde el 7 de octubre pasado, donde atacan todas las instalaciones vitales y asesinan a decenas de miles de civiles, la mayor\u00eda son ni\u00f1os y mujeres.<\/p>\n<p style=\"text-align: justify;\"><em><strong>ah\/fm<\/strong><\/em><\/p>\n","protected":false},"excerpt":{"rendered":"<p>Nueva York, 06 ene (SANA) El coordinador de Asuntos Humanitarios de las Naciones Unidas, Martin Griffiths, afirm\u00f3 que la Franja de Gaza es &#8220;inhabitable&#8221; despu\u00e9s de ser devastada por los intensos bombardeos israel\u00edes. Griffiths subray\u00f3 en un comunicado citado por la agencia France Presse que, despu\u00e9s de tres meses, Gaza se convirti\u00f3 en \u201cun lugar &hellip;<\/p>\n","protected":false},"author":30,"featured_media":318776,"comment_status":"closed","ping_status":"closed","sticky":false,"template":"","format":"standard","meta":{"footnotes":""},"categories":[597,456,20724,7541],"tags":[],"class_list":["post-318775","post","type-post","status-publish","format-standard","has-post-thumbnail","","category-cinta-de-noticias","category-arabe-internacional-politica","category-minuto-a-minuto","category-ultimas-noticias"],"_links":{"self":[{"href":"https:\/\/archive.sana.sy\/es\/index.php?rest_route=\/wp\/v2\/posts\/318775"}],"collection":[{"href":"https:\/\/archive.sana.sy\/es\/index.php?rest_route=\/wp\/v2\/posts"}],"about":[{"href":"https:\/\/archive.sana.sy\/es\/index.php?rest_route=\/wp\/v2\/types\/post"}],"author":[{"embeddable":true,"href":"https:\/\/archive.sana.sy\/es\/index.php?rest_route=\/wp\/v2\/users\/30"}],"replies":[{"embeddable":true,"href":"https:\/\/archive.sana.sy\/es\/index.php?rest_route=%2Fwp%2Fv2%2Fcomments&post=318775"}],"version-history":[{"count":3,"href":"https:\/\/archive.sana.sy\/es\/index.php?rest_route=\/wp\/v2\/posts\/318775\/revisions"}],"predecessor-version":[{"id":318779,"href":"https:\/\/archive.sana.sy\/es\/index.php?rest_route=\/wp\/v2\/posts\/318775\/revisions\/318779"}],"wp:featuredmedia":[{"embeddable":true,"href":"https:\/\/archive.sana.sy\/es\/index.php?rest_route=\/wp\/v2\/media\/318776"}],"wp:attachment":[{"href":"https:\/\/archive.sana.sy\/es\/index.php?rest_route=%2Fwp%2Fv2%2Fmedia&parent=318775"}],"wp:term":[{"taxonomy":"category","embeddable":true,"href":"https:\/\/archive.sana.sy\/es\/index.php?rest_route=%2Fwp%2Fv2%2Fcategories&post=318775"},{"taxonomy":"post_tag","embeddable":true,"href":"https:\/\/archive.sana.sy\/es\/index.php?rest_route=%2Fwp%2Fv2%2Ftags&post=318775"}],"curies":[{"name":"wp","href":"https:\/\/api.w.org\/{rel}","templated":true}]}}