{"id":31879,"date":"2015-10-20T13:56:44","date_gmt":"2015-10-20T10:56:44","guid":{"rendered":"http:\/\/sana.sy\/es\/?p=31879"},"modified":"2015-10-20T13:56:44","modified_gmt":"2015-10-20T10:56:44","slug":"al-laham-los-paises-europeos-deben-tomar-una-actitud-mas-racional-y-objetiva-hacia-lo-que-sucede-en-siria","status":"publish","type":"post","link":"https:\/\/archive.sana.sy\/es\/?p=31879","title":{"rendered":"Al-Laham: los pa\u00edses europeos deben tomar una actitud m\u00e1s racional y objetiva hacia lo que sucede en Siria"},"content":{"rendered":"<p><span style=\"color: #800000\">Ginebra, SANA<\/span><\/p>\n<p>El presidente de la Asamblea del Pueblo, Mohammad Jihad al-Laham, reiter\u00f3 la necesidad de adoptar una &#8220;posici\u00f3n europea m\u00e1s racional y objetiva respecto a lo que est\u00e1 sucediendo en Siria y dejar de apoyar a las organizaciones terroristas bajo falsos pretextos y nombres falsos.&#8221;<\/p>\n<p>En su reuni\u00f3n con la presidenta del Parlamento de Serbia, Maya Kwecovic, al margen de las reuniones de la Asamblea de la Uni\u00f3n Interparlamentaria en Ginebra, al-Laham opin\u00f3 que &#8220;los pa\u00edses europeos ser\u00e1n los m\u00e1s afectados por las consecuencias de la propagaci\u00f3n del terrorismo y lo que demuestra eso es el gran n\u00famero de afiliados de esos pa\u00edses en las filas de la organizaci\u00f3n terrorista del Estado Isl\u00e1mico.<\/p>\n<p>Por su parte, Kwecovic asegur\u00f3 que su pa\u00eds est\u00e1 al tanto de la desinformaci\u00f3n que llevan a cabo algunos medios de comunicaci\u00f3n que distorsionan los hechos sobre lo que est\u00e1 sucediendo en Siria, aludiendo que Serbia ha pasado por experiencias similares y vivi\u00f3 circunstancias de la guerra.<\/p>\n<p>La presidenta del parlamento serbio describi\u00f3 su reuni\u00f3n con al-Laham de una &#8220;gran oportunidad&#8221; para informarse de la situaci\u00f3n en Siria lejos de la distorsi\u00f3n medi\u00e1tica, y expres\u00f3 su esperanza de que Siria recupere su seguridad y estabilidad.<\/p>\n<p>En el mismo contexto, el presidente del parlamento examin\u00f3 con el presidente de la delegaci\u00f3n parlamentaria brasile\u00f1a, Mauricio Kwantala Lisa, las relaciones parlamentarias entre los dos pa\u00edses y la importancia de fortalecer la comunicaci\u00f3n y coordinaci\u00f3n en la lucha contra el extremismo y el terrorismo.<\/p>\n<p>Kwantala Lisa dijo que Brasil har\u00e1 sus m\u00e1ximos esfuerzos para apoyar una soluci\u00f3n pol\u00edtica y para que Siria recupere su papel y su fuerza lejos de la injerencia externa en sus asuntos internos.<\/p>\n<p>Durante una reuni\u00f3n con el Presidente del Comit\u00e9 de Relaciones Exteriores del Senado italiano, Ferdinando Casini, al-Laham explic\u00f3 el terrorismo que est\u00e1 enfrentando Siria a manos de organizaciones terroristas que reciben apoyo de algunos pa\u00edses occidentales y regionales, llamando a la unificaci\u00f3n de los esfuerzos internacionales en la lucha contra el terrorismo.<\/p>\n<p>La sesi\u00f3n 133 de la Asamblea de la Uni\u00f3n Interparlamentaria hab\u00edan comenzado el pasado s\u00e1bado en Ginebra y debaten temas relativos a refugiados, el terrorismo internacional, la paz, la seguridad, la democracia, los derechos humanos y el desarrollo sostenible.<\/p>\n<p><span style=\"color: #00ccff\">Fady M., Hala B.<\/span><\/p>\n","protected":false},"excerpt":{"rendered":"<p>Ginebra, SANA El presidente de la Asamblea del Pueblo, Mohammad Jihad al-Laham, reiter\u00f3 la necesidad de adoptar una &#8220;posici\u00f3n europea m\u00e1s racional y objetiva respecto a lo que est\u00e1 sucediendo en Siria y dejar de apoyar a las organizaciones terroristas bajo falsos pretextos y nombres falsos.&#8221; En su reuni\u00f3n con la presidenta del Parlamento de &hellip;<\/p>\n","protected":false},"author":1,"featured_media":31880,"comment_status":"closed","ping_status":"closed","sticky":false,"template":"","format":"standard","meta":{"footnotes":""},"categories":[456,457,576],"tags":[7104],"class_list":["post-31879","post","type-post","status-publish","format-standard","has-post-thumbnail","","category-arabe-internacional-politica","category-noticias-arabe-internacional-politica","category-noticias-politicas","tag-al-laham-los-paises-europeos-deben-tomar-una-actitud-mas-racional-y-objetiva-hacia-lo-que-sucede-en-siria"],"_links":{"self":[{"href":"https:\/\/archive.sana.sy\/es\/index.php?rest_route=\/wp\/v2\/posts\/31879"}],"collection":[{"href":"https:\/\/archive.sana.sy\/es\/index.php?rest_route=\/wp\/v2\/posts"}],"about":[{"href":"https:\/\/archive.sana.sy\/es\/index.php?rest_route=\/wp\/v2\/types\/post"}],"author":[{"embeddable":true,"href":"https:\/\/archive.sana.sy\/es\/index.php?rest_route=\/wp\/v2\/users\/1"}],"replies":[{"embeddable":true,"href":"https:\/\/archive.sana.sy\/es\/index.php?rest_route=%2Fwp%2Fv2%2Fcomments&post=31879"}],"version-history":[{"count":0,"href":"https:\/\/archive.sana.sy\/es\/index.php?rest_route=\/wp\/v2\/posts\/31879\/revisions"}],"wp:featuredmedia":[{"embeddable":true,"href":"https:\/\/archive.sana.sy\/es\/index.php?rest_route=\/wp\/v2\/media\/31880"}],"wp:attachment":[{"href":"https:\/\/archive.sana.sy\/es\/index.php?rest_route=%2Fwp%2Fv2%2Fmedia&parent=31879"}],"wp:term":[{"taxonomy":"category","embeddable":true,"href":"https:\/\/archive.sana.sy\/es\/index.php?rest_route=%2Fwp%2Fv2%2Fcategories&post=31879"},{"taxonomy":"post_tag","embeddable":true,"href":"https:\/\/archive.sana.sy\/es\/index.php?rest_route=%2Fwp%2Fv2%2Ftags&post=31879"}],"curies":[{"name":"wp","href":"https:\/\/api.w.org\/{rel}","templated":true}]}}