{"id":318795,"date":"2024-01-06T13:25:13","date_gmt":"2024-01-06T10:25:13","guid":{"rendered":"https:\/\/sana.sy\/es\/?p=318795"},"modified":"2024-01-06T13:25:13","modified_gmt":"2024-01-06T10:25:13","slug":"el-numero-de-martires-de-la-actual-agresion-israeli-contra-la-franja-de-gaza-aumento-a-22-722-y-el-de-los-heridos-a-58-166-afirmo-el-ministerio-de-salud-palestino","status":"publish","type":"post","link":"https:\/\/archive.sana.sy\/es\/?p=318795","title":{"rendered":"El n\u00famero de m\u00e1rtires de la actual agresi\u00f3n israel\u00ed contra la Franja de Gaza aument\u00f3 a 22.722 y\u00a0 el de los heridos a 58.166, afirm\u00f3 el Ministerio de Salud palestino."},"content":{"rendered":"","protected":false},"excerpt":{"rendered":"","protected":false},"author":32,"featured_media":0,"comment_status":"closed","ping_status":"closed","sticky":false,"template":"","format":"standard","meta":{"footnotes":""},"categories":[20724,596],"tags":[],"class_list":["post-318795","post","type-post","status-publish","format-standard","","category-minuto-a-minuto","category-urgente"],"_links":{"self":[{"href":"https:\/\/archive.sana.sy\/es\/index.php?rest_route=\/wp\/v2\/posts\/318795"}],"collection":[{"href":"https:\/\/archive.sana.sy\/es\/index.php?rest_route=\/wp\/v2\/posts"}],"about":[{"href":"https:\/\/archive.sana.sy\/es\/index.php?rest_route=\/wp\/v2\/types\/post"}],"author":[{"embeddable":true,"href":"https:\/\/archive.sana.sy\/es\/index.php?rest_route=\/wp\/v2\/users\/32"}],"replies":[{"embeddable":true,"href":"https:\/\/archive.sana.sy\/es\/index.php?rest_route=%2Fwp%2Fv2%2Fcomments&post=318795"}],"version-history":[{"count":1,"href":"https:\/\/archive.sana.sy\/es\/index.php?rest_route=\/wp\/v2\/posts\/318795\/revisions"}],"predecessor-version":[{"id":318796,"href":"https:\/\/archive.sana.sy\/es\/index.php?rest_route=\/wp\/v2\/posts\/318795\/revisions\/318796"}],"wp:attachment":[{"href":"https:\/\/archive.sana.sy\/es\/index.php?rest_route=%2Fwp%2Fv2%2Fmedia&parent=318795"}],"wp:term":[{"taxonomy":"category","embeddable":true,"href":"https:\/\/archive.sana.sy\/es\/index.php?rest_route=%2Fwp%2Fv2%2Fcategories&post=318795"},{"taxonomy":"post_tag","embeddable":true,"href":"https:\/\/archive.sana.sy\/es\/index.php?rest_route=%2Fwp%2Fv2%2Ftags&post=318795"}],"curies":[{"name":"wp","href":"https:\/\/api.w.org\/{rel}","templated":true}]}}