{"id":318843,"date":"2024-01-06T19:03:53","date_gmt":"2024-01-06T16:03:53","guid":{"rendered":"https:\/\/sana.sy\/es\/?p=318843"},"modified":"2024-01-06T19:03:53","modified_gmt":"2024-01-06T16:03:53","slug":"122-palestinos-muertos-en-el-dia-92-de-la-agresion-israeli-contra-gaza","status":"publish","type":"post","link":"https:\/\/archive.sana.sy\/es\/?p=318843","title":{"rendered":"122 palestinos muertos en el d\u00eda 92 de la agresi\u00f3n israel\u00ed contra Gaza"},"content":{"rendered":"<blockquote>\n<p style=\"text-align: justify;\"><span style=\"color: #993300;\">Entre las v\u00edctimas mortales hay 10.000 ni\u00f1os y 7.000 mujeres mientras 7.000 personas siguen desaparecidas, la mayor\u00eda de ellos son ni\u00f1os.<\/span><\/p>\n<\/blockquote>\n<p style=\"text-align: justify;\">\n<span style=\"color: #800000;\"><strong>Jerusal\u00e9n ocupada, 6 ene (SANA)<\/strong><\/span>\u00a0 \u00a0El Ministerio de Salud palestino anunci\u00f3 que el ocupante israel\u00ed cometi\u00f3 12 masacres en la Franja de Gaza durante las \u00faltimas 24 horas, causando la muerte de 122 civiles e hiriendo a otros 256.<\/p>\n<p style=\"text-align: justify;\">El Ministerio inform\u00f3 por medio de un comunicado que el n\u00famero de v\u00edctimas de la actual agresi\u00f3n israel\u00ed aument\u00f3 a 22.722 m\u00e1rtires y 85.166 heridos, incluidos 10.000 ni\u00f1os, 7.000 mujeres y 7.000 personas desaparecidas, la mayor\u00eda de ellos son ni\u00f1os.<\/p>\n<p style=\"text-align: justify;\">Asimismo, varios palestinos perdieron la vida cuando los aviones de combate israel\u00edes bombardearon viviendas en Khan Yunis y Beit Lahia en la Franja de Gaza.<\/p>\n<p style=\"text-align: justify;\">Tambi\u00e9n, lanzaron incursiones en la zona de Ma&#8217;an en Khan Yunis, matando a varios palestinos e hiriendo a otros, mientras un bombardeo contra una casa en el proyecto de Beit Lahia mat\u00f3 a una ni\u00f1a e hiri\u00f3 a otras personas.<\/p>\n<p style=\"text-align: justify;\">fm\/rr<\/p>\n","protected":false},"excerpt":{"rendered":"<p>Entre las v\u00edctimas mortales hay 10.000 ni\u00f1os y 7.000 mujeres mientras 7.000 personas siguen desaparecidas, la mayor\u00eda de ellos son ni\u00f1os. Jerusal\u00e9n ocupada, 6 ene (SANA)\u00a0 \u00a0El Ministerio de Salud palestino anunci\u00f3 que el ocupante israel\u00ed cometi\u00f3 12 masacres en la Franja de Gaza durante las \u00faltimas 24 horas, causando la muerte de 122 civiles &hellip;<\/p>\n","protected":false},"author":31,"featured_media":318844,"comment_status":"closed","ping_status":"closed","sticky":false,"template":"","format":"standard","meta":{"footnotes":""},"categories":[597,456,16687],"tags":[12002,1494],"class_list":["post-318843","post","type-post","status-publish","format-standard","has-post-thumbnail","","category-cinta-de-noticias","category-arabe-internacional-politica","category-internacionales","tag-gaza","tag-palestina"],"_links":{"self":[{"href":"https:\/\/archive.sana.sy\/es\/index.php?rest_route=\/wp\/v2\/posts\/318843"}],"collection":[{"href":"https:\/\/archive.sana.sy\/es\/index.php?rest_route=\/wp\/v2\/posts"}],"about":[{"href":"https:\/\/archive.sana.sy\/es\/index.php?rest_route=\/wp\/v2\/types\/post"}],"author":[{"embeddable":true,"href":"https:\/\/archive.sana.sy\/es\/index.php?rest_route=\/wp\/v2\/users\/31"}],"replies":[{"embeddable":true,"href":"https:\/\/archive.sana.sy\/es\/index.php?rest_route=%2Fwp%2Fv2%2Fcomments&post=318843"}],"version-history":[{"count":1,"href":"https:\/\/archive.sana.sy\/es\/index.php?rest_route=\/wp\/v2\/posts\/318843\/revisions"}],"predecessor-version":[{"id":318845,"href":"https:\/\/archive.sana.sy\/es\/index.php?rest_route=\/wp\/v2\/posts\/318843\/revisions\/318845"}],"wp:featuredmedia":[{"embeddable":true,"href":"https:\/\/archive.sana.sy\/es\/index.php?rest_route=\/wp\/v2\/media\/318844"}],"wp:attachment":[{"href":"https:\/\/archive.sana.sy\/es\/index.php?rest_route=%2Fwp%2Fv2%2Fmedia&parent=318843"}],"wp:term":[{"taxonomy":"category","embeddable":true,"href":"https:\/\/archive.sana.sy\/es\/index.php?rest_route=%2Fwp%2Fv2%2Fcategories&post=318843"},{"taxonomy":"post_tag","embeddable":true,"href":"https:\/\/archive.sana.sy\/es\/index.php?rest_route=%2Fwp%2Fv2%2Ftags&post=318843"}],"curies":[{"name":"wp","href":"https:\/\/api.w.org\/{rel}","templated":true}]}}