{"id":31885,"date":"2015-10-20T16:05:55","date_gmt":"2015-10-20T13:05:55","guid":{"rendered":"http:\/\/sana.sy\/es\/?p=31885"},"modified":"2015-10-21T14:37:42","modified_gmt":"2015-10-21T11:37:42","slug":"al-moallem-los-esfuerzos-rusos-e-iranies-contribuyen-seriamente-en-la-derrota-del-terrorismo","status":"publish","type":"post","link":"https:\/\/archive.sana.sy\/es\/?p=31885","title":{"rendered":"Al-Moallem: los esfuerzos rusos e iran\u00edes contribuyen seriamente en la derrota del terrorismo"},"content":{"rendered":"<p><span style=\"color: #800000\">Damasco, SANA<\/span><\/p>\n<p>El Viceprimer Ministro y ministro de Exteriores y Expatriados, Walid al-Moallem reafirm\u00f3 que los esfuerzos rusos e iran\u00edes contribuyen seriamente en la derrota del terrorismo e impulsan el \u00e9xito de una soluci\u00f3n pol\u00edtica a la crisis.<\/p>\n<p>La afirmaci\u00f3n del canciller sirio tuvo lugar durante su reuni\u00f3n en la capital Damasco, con el Director General del Departamento de Asia Occidental y \u00c1frica del Norte en el Ministerio de Asuntos Exteriores chino.<\/p>\n<p>Las conversaciones durante el encuentro abordaron adem\u00e1s, los medios de mejorar las relaciones bilaterales entre los dos pa\u00edses amigos.<\/p>\n<p>El funcionario chino transmiti\u00f3 los saludos del canciller de su pa\u00eds al ministro al-Moallem y su inter\u00e9s por los acontecimientos en Siria y la regi\u00f3n, y reafirm\u00f3 la importancia de los esfuerzos internacionales para contribuir a la lucha contra el terrorismo y para encontrar una soluci\u00f3n pol\u00edtica a la crisis.<\/p>\n<p>El canciller al-Moallem explic\u00f3 los esfuerzos desempe\u00f1ados por Siria en la lucha contra el terrorismo y su defensa a su pueblo y a su integridad territorial y soberan\u00eda.<\/p>\n<p>El jefe de la diplomacia siria denunci\u00f3 que algunos pa\u00edses contin\u00faan su apoyo financiero y armament\u00edstico al terrorismo y la falta de seriedad de la coalici\u00f3n liderada por Estados Unidos en sus ataques contra el &#8220;Estado Isl\u00e1mico&#8221;, el &#8220;Frente al-Nousra&#8221; y otras organizaciones terroristas.<\/p>\n<p>El canciller al-Moallem reiter\u00f3 el aprecio de Siria a los pa\u00edses amigos por sus posturas de apoyo a su lucha contra el terrorismo.<\/p>\n<p><span style=\"color: #3366ff\">Vicecanciller al-Miqdad se re\u00fane con alto funcionario chino<\/span><\/p>\n<p>Por otro lado, el Viceministro de Exteriores y Expatriados, Faisal al-Miqdad, se reuni\u00f3 con el Director General del Departamento de Asia Occidental y \u00c1frica del Norte en el Ministerio de Asuntos Exteriores chino.<\/p>\n<p>En la reuni\u00f3n, se efectu\u00f3 un intercambio profundo de opiniones sobre las relaciones entre los dos pa\u00edses en los campos cultural y econ\u00f3mico, y el papel de China en la mitigaci\u00f3n de los efectos de la crisis que enfrenta Siria.<\/p>\n<p>&nbsp;<\/p>\n<p>&nbsp;<\/p>\n<p><span style=\"color: #000000\">Fady M., Hala B.<\/span><\/p>\n","protected":false},"excerpt":{"rendered":"<p>Damasco, SANA El Viceprimer Ministro y ministro de Exteriores y Expatriados, Walid al-Moallem reafirm\u00f3 que los esfuerzos rusos e iran\u00edes contribuyen seriamente en la derrota del terrorismo e impulsan el \u00e9xito de una soluci\u00f3n pol\u00edtica a la crisis. La afirmaci\u00f3n del canciller sirio tuvo lugar durante su reuni\u00f3n en la capital Damasco, con el Director &hellip;<\/p>\n","protected":false},"author":1,"featured_media":31886,"comment_status":"closed","ping_status":"closed","sticky":false,"template":"","format":"standard","meta":{"footnotes":""},"categories":[477,476,576],"tags":[7106],"class_list":["post-31885","post","type-post","status-publish","format-standard","has-post-thumbnail","","category-noticias-edulcorantes","category-locales","category-noticias-politicas","tag-al-moallem-los-esfuerzos-rusos-e-iranies-contribuyen-seriamente-en-la-derrota-del-terrorismo"],"_links":{"self":[{"href":"https:\/\/archive.sana.sy\/es\/index.php?rest_route=\/wp\/v2\/posts\/31885"}],"collection":[{"href":"https:\/\/archive.sana.sy\/es\/index.php?rest_route=\/wp\/v2\/posts"}],"about":[{"href":"https:\/\/archive.sana.sy\/es\/index.php?rest_route=\/wp\/v2\/types\/post"}],"author":[{"embeddable":true,"href":"https:\/\/archive.sana.sy\/es\/index.php?rest_route=\/wp\/v2\/users\/1"}],"replies":[{"embeddable":true,"href":"https:\/\/archive.sana.sy\/es\/index.php?rest_route=%2Fwp%2Fv2%2Fcomments&post=31885"}],"version-history":[{"count":0,"href":"https:\/\/archive.sana.sy\/es\/index.php?rest_route=\/wp\/v2\/posts\/31885\/revisions"}],"wp:featuredmedia":[{"embeddable":true,"href":"https:\/\/archive.sana.sy\/es\/index.php?rest_route=\/wp\/v2\/media\/31886"}],"wp:attachment":[{"href":"https:\/\/archive.sana.sy\/es\/index.php?rest_route=%2Fwp%2Fv2%2Fmedia&parent=31885"}],"wp:term":[{"taxonomy":"category","embeddable":true,"href":"https:\/\/archive.sana.sy\/es\/index.php?rest_route=%2Fwp%2Fv2%2Fcategories&post=31885"},{"taxonomy":"post_tag","embeddable":true,"href":"https:\/\/archive.sana.sy\/es\/index.php?rest_route=%2Fwp%2Fv2%2Ftags&post=31885"}],"curies":[{"name":"wp","href":"https:\/\/api.w.org\/{rel}","templated":true}]}}