{"id":318855,"date":"2024-01-07T08:30:01","date_gmt":"2024-01-07T05:30:01","guid":{"rendered":"https:\/\/sana.sy\/es\/?p=318855"},"modified":"2024-01-07T08:32:02","modified_gmt":"2024-01-07T05:32:02","slug":"pese-a-frio-y-nieve-cientos-salen-en-nueva-york-por-palestina","status":"publish","type":"post","link":"https:\/\/archive.sana.sy\/es\/?p=318855","title":{"rendered":"Pese a fr\u00edo y nieve, cientos salen en Nueva York por Palestina"},"content":{"rendered":"<blockquote>\n<p style=\"text-align: justify;\"><span style=\"color: #800000;\">\u201cLa nieve cae fuerte, pero esta multitud es m\u00e1s dura. \u00a1El pueblo est\u00e1 firme en su convicci\u00f3n y apoyo a Palestina!\u201d, expres\u00f3 un mensaje publicado por la organizaci\u00f3n The People\u2019s Forum.<\/span><\/p>\n<\/blockquote>\n<p style=\"text-align: justify;\"><span style=\"color: #800000;\"><strong>Washington, 7 ene (SANA)<\/strong><\/span> Pese al fr\u00edo intenso y las nevadas en parte de Estados Unidos, cientos de personas salieron a las calles de Nueva York para expresar su solidaridad con Palestina.<\/p>\n<p style=\"text-align: justify;\">\u201cLa nieve cae fuerte, pero esta multitud es m\u00e1s dura. \u00a1El pueblo est\u00e1 firme en su convicci\u00f3n y apoyo a Palestina!\u201d, expres\u00f3 un mensaje publicado por la organizaci\u00f3n The People\u2019s Forum.<\/p>\n<p style=\"text-align: justify;\">El texto lo acompa\u00f1\u00f3 un video en el que se escucha a los participantes entonar una permanente consigna: \u2018Free Palestine\u2019 (Palestina Libre) mientras portaban pancartas que ped\u00edan detener la ayuda militar de Estados Unidos a Israel.<\/p>\n<p style=\"text-align: justify;\">Tambi\u00e9n en la propia red social difundieron otro audiovisual y el escrito: \u201cLlevamos nuestra propia actuaci\u00f3n al Lincoln Center. Un activista, adem\u00e1s de violonchelista de formaci\u00f3n cl\u00e1sica, toca el Himno Nacional de Palestina\u201d.<\/p>\n<p style=\"text-align: justify;\"><strong>fm\/ws<\/strong><\/p>\n","protected":false},"excerpt":{"rendered":"<p>\u201cLa nieve cae fuerte, pero esta multitud es m\u00e1s dura. \u00a1El pueblo est\u00e1 firme en su convicci\u00f3n y apoyo a Palestina!\u201d, expres\u00f3 un mensaje publicado por la organizaci\u00f3n The People\u2019s Forum. Washington, 7 ene (SANA) Pese al fr\u00edo intenso y las nevadas en parte de Estados Unidos, cientos de personas salieron a las calles de &hellip;<\/p>\n","protected":false},"author":35,"featured_media":318857,"comment_status":"closed","ping_status":"closed","sticky":false,"template":"","format":"standard","meta":{"footnotes":""},"categories":[597,456,16687,7541],"tags":[],"class_list":["post-318855","post","type-post","status-publish","format-standard","has-post-thumbnail","","category-cinta-de-noticias","category-arabe-internacional-politica","category-internacionales","category-ultimas-noticias"],"_links":{"self":[{"href":"https:\/\/archive.sana.sy\/es\/index.php?rest_route=\/wp\/v2\/posts\/318855"}],"collection":[{"href":"https:\/\/archive.sana.sy\/es\/index.php?rest_route=\/wp\/v2\/posts"}],"about":[{"href":"https:\/\/archive.sana.sy\/es\/index.php?rest_route=\/wp\/v2\/types\/post"}],"author":[{"embeddable":true,"href":"https:\/\/archive.sana.sy\/es\/index.php?rest_route=\/wp\/v2\/users\/35"}],"replies":[{"embeddable":true,"href":"https:\/\/archive.sana.sy\/es\/index.php?rest_route=%2Fwp%2Fv2%2Fcomments&post=318855"}],"version-history":[{"count":2,"href":"https:\/\/archive.sana.sy\/es\/index.php?rest_route=\/wp\/v2\/posts\/318855\/revisions"}],"predecessor-version":[{"id":318858,"href":"https:\/\/archive.sana.sy\/es\/index.php?rest_route=\/wp\/v2\/posts\/318855\/revisions\/318858"}],"wp:featuredmedia":[{"embeddable":true,"href":"https:\/\/archive.sana.sy\/es\/index.php?rest_route=\/wp\/v2\/media\/318857"}],"wp:attachment":[{"href":"https:\/\/archive.sana.sy\/es\/index.php?rest_route=%2Fwp%2Fv2%2Fmedia&parent=318855"}],"wp:term":[{"taxonomy":"category","embeddable":true,"href":"https:\/\/archive.sana.sy\/es\/index.php?rest_route=%2Fwp%2Fv2%2Fcategories&post=318855"},{"taxonomy":"post_tag","embeddable":true,"href":"https:\/\/archive.sana.sy\/es\/index.php?rest_route=%2Fwp%2Fv2%2Ftags&post=318855"}],"curies":[{"name":"wp","href":"https:\/\/api.w.org\/{rel}","templated":true}]}}