{"id":318862,"date":"2024-01-07T10:39:15","date_gmt":"2024-01-07T07:39:15","guid":{"rendered":"https:\/\/sana.sy\/es\/?p=318862"},"modified":"2024-01-07T10:39:15","modified_gmt":"2024-01-07T07:39:15","slug":"miles-de-personas-se-manifiestan-a-favor-de-palestina-en-ciudades-francesas","status":"publish","type":"post","link":"https:\/\/archive.sana.sy\/es\/?p=318862","title":{"rendered":"Miles de personas se manifiestan a favor de Palestina en ciudades francesas"},"content":{"rendered":"<p style=\"text-align: justify;\"><span style=\"color: #800000;\"><strong>Par\u00eds, 7 ene (SANA)<\/strong><\/span> Las manifestaciones a favor de Palestina contin\u00faan en todo el mundo, incluida la capital francesa, Par\u00eds, y la ciudad de Lyon, que fueron testigos de protestas que exigieron el cese de las masacres las cometidas por el r\u00e9gimen israel\u00ed contra los palestinos en Gaza.<\/p>\n<p style=\"text-align: justify;\">Los manifestantes caminaron entre banderas y pancartas con mensajes que exig\u00edan el alto al fuego y detener el \u201cgenocidio\u201d contra el pueblo palestino.<\/p>\n<p style=\"text-align: justify;\">El pasado mes de octubre, la Polic\u00eda francesa prohibi\u00f3 las manifestaciones en apoyo al pueblo palestino, pero eso no impidi\u00f3 las protestas en Par\u00eds y otras ciudades para denunciar la agresi\u00f3n israel\u00ed contra Gaza y la complicidad occidental en cr\u00edmenes contra la humanidad.<\/p>\n<p style=\"text-align: justify;\"><span style=\"color: #800000;\"><strong>ws\/fm<\/strong><\/span><\/p>\n","protected":false},"excerpt":{"rendered":"<p>Par\u00eds, 7 ene (SANA) Las manifestaciones a favor de Palestina contin\u00faan en todo el mundo, incluida la capital francesa, Par\u00eds, y la ciudad de Lyon, que fueron testigos de protestas que exigieron el cese de las masacres las cometidas por el r\u00e9gimen israel\u00ed contra los palestinos en Gaza. Los manifestantes caminaron entre banderas y pancartas &hellip;<\/p>\n","protected":false},"author":35,"featured_media":318863,"comment_status":"closed","ping_status":"closed","sticky":false,"template":"","format":"standard","meta":{"footnotes":""},"categories":[597,456,16687,20724,7541],"tags":[],"class_list":["post-318862","post","type-post","status-publish","format-standard","has-post-thumbnail","","category-cinta-de-noticias","category-arabe-internacional-politica","category-internacionales","category-minuto-a-minuto","category-ultimas-noticias"],"_links":{"self":[{"href":"https:\/\/archive.sana.sy\/es\/index.php?rest_route=\/wp\/v2\/posts\/318862"}],"collection":[{"href":"https:\/\/archive.sana.sy\/es\/index.php?rest_route=\/wp\/v2\/posts"}],"about":[{"href":"https:\/\/archive.sana.sy\/es\/index.php?rest_route=\/wp\/v2\/types\/post"}],"author":[{"embeddable":true,"href":"https:\/\/archive.sana.sy\/es\/index.php?rest_route=\/wp\/v2\/users\/35"}],"replies":[{"embeddable":true,"href":"https:\/\/archive.sana.sy\/es\/index.php?rest_route=%2Fwp%2Fv2%2Fcomments&post=318862"}],"version-history":[{"count":1,"href":"https:\/\/archive.sana.sy\/es\/index.php?rest_route=\/wp\/v2\/posts\/318862\/revisions"}],"predecessor-version":[{"id":318864,"href":"https:\/\/archive.sana.sy\/es\/index.php?rest_route=\/wp\/v2\/posts\/318862\/revisions\/318864"}],"wp:featuredmedia":[{"embeddable":true,"href":"https:\/\/archive.sana.sy\/es\/index.php?rest_route=\/wp\/v2\/media\/318863"}],"wp:attachment":[{"href":"https:\/\/archive.sana.sy\/es\/index.php?rest_route=%2Fwp%2Fv2%2Fmedia&parent=318862"}],"wp:term":[{"taxonomy":"category","embeddable":true,"href":"https:\/\/archive.sana.sy\/es\/index.php?rest_route=%2Fwp%2Fv2%2Fcategories&post=318862"},{"taxonomy":"post_tag","embeddable":true,"href":"https:\/\/archive.sana.sy\/es\/index.php?rest_route=%2Fwp%2Fv2%2Ftags&post=318862"}],"curies":[{"name":"wp","href":"https:\/\/api.w.org\/{rel}","templated":true}]}}