{"id":318874,"date":"2024-01-07T13:42:45","date_gmt":"2024-01-07T10:42:45","guid":{"rendered":"https:\/\/sana.sy\/es\/?p=318874"},"modified":"2024-01-07T13:50:31","modified_gmt":"2024-01-07T10:50:31","slug":"israel-mato-a-dos-periodistas-palestinos-en-gaza","status":"publish","type":"post","link":"https:\/\/archive.sana.sy\/es\/?p=318874","title":{"rendered":"&#8220;Israel&#8221; mat\u00f3 a dos periodistas palestinos en Gaza"},"content":{"rendered":"<p style=\"text-align: justify;\"><span style=\"color: #800000;\"><strong>Jerusal\u00e9n ocupada, 7 ene (SANA)<\/strong> \u00a0<\/span>Dos palestinos perdieron la vida hoy en un bombardeo israel\u00ed contra sus veh\u00edculo.<\/p>\n<p style=\"text-align: justify;\">Con estas dos v\u00edctimas, se eleva a 106 la cifra de periodistas asesinados por &#8220;Israel&#8221; desde el inicio de su agresi\u00f3n a Gaza el pasado d\u00eda 7 de octubre.<\/p>\n<p style=\"text-align: justify;\">Hamza Dahdouh, hijo del corresponsal Wael Dahdouh, falleci\u00f3 en un ataque a\u00e9reo israel\u00ed al oeste de la ciudad de Jan Yunis, situada en el sur del enclave palestino.<\/p>\n<p style=\"text-align: justify;\">El fotoperiodista de 27 a\u00f1os viajaba en coche con su colega, Mustafa Thuraya, cuando un misil alcanz\u00f3 al veh\u00edculo, acabando con la vida de ambos.<\/p>\n<p style=\"text-align: justify;\">fm\/ws<\/p>\n","protected":false},"excerpt":{"rendered":"<p>Jerusal\u00e9n ocupada, 7 ene (SANA) \u00a0Dos palestinos perdieron la vida hoy en un bombardeo israel\u00ed contra sus veh\u00edculo. Con estas dos v\u00edctimas, se eleva a 106 la cifra de periodistas asesinados por &#8220;Israel&#8221; desde el inicio de su agresi\u00f3n a Gaza el pasado d\u00eda 7 de octubre. Hamza Dahdouh, hijo del corresponsal Wael Dahdouh, falleci\u00f3 &hellip;<\/p>\n","protected":false},"author":35,"featured_media":318878,"comment_status":"closed","ping_status":"closed","sticky":false,"template":"","format":"standard","meta":{"footnotes":""},"categories":[597,456,16687,20724,7541],"tags":[],"class_list":["post-318874","post","type-post","status-publish","format-standard","has-post-thumbnail","","category-cinta-de-noticias","category-arabe-internacional-politica","category-internacionales","category-minuto-a-minuto","category-ultimas-noticias"],"_links":{"self":[{"href":"https:\/\/archive.sana.sy\/es\/index.php?rest_route=\/wp\/v2\/posts\/318874"}],"collection":[{"href":"https:\/\/archive.sana.sy\/es\/index.php?rest_route=\/wp\/v2\/posts"}],"about":[{"href":"https:\/\/archive.sana.sy\/es\/index.php?rest_route=\/wp\/v2\/types\/post"}],"author":[{"embeddable":true,"href":"https:\/\/archive.sana.sy\/es\/index.php?rest_route=\/wp\/v2\/users\/35"}],"replies":[{"embeddable":true,"href":"https:\/\/archive.sana.sy\/es\/index.php?rest_route=%2Fwp%2Fv2%2Fcomments&post=318874"}],"version-history":[{"count":3,"href":"https:\/\/archive.sana.sy\/es\/index.php?rest_route=\/wp\/v2\/posts\/318874\/revisions"}],"predecessor-version":[{"id":318880,"href":"https:\/\/archive.sana.sy\/es\/index.php?rest_route=\/wp\/v2\/posts\/318874\/revisions\/318880"}],"wp:featuredmedia":[{"embeddable":true,"href":"https:\/\/archive.sana.sy\/es\/index.php?rest_route=\/wp\/v2\/media\/318878"}],"wp:attachment":[{"href":"https:\/\/archive.sana.sy\/es\/index.php?rest_route=%2Fwp%2Fv2%2Fmedia&parent=318874"}],"wp:term":[{"taxonomy":"category","embeddable":true,"href":"https:\/\/archive.sana.sy\/es\/index.php?rest_route=%2Fwp%2Fv2%2Fcategories&post=318874"},{"taxonomy":"post_tag","embeddable":true,"href":"https:\/\/archive.sana.sy\/es\/index.php?rest_route=%2Fwp%2Fv2%2Ftags&post=318874"}],"curies":[{"name":"wp","href":"https:\/\/api.w.org\/{rel}","templated":true}]}}