{"id":31889,"date":"2015-10-20T16:10:07","date_gmt":"2015-10-20T13:10:07","guid":{"rendered":"http:\/\/sana.sy\/es\/?p=31889"},"modified":"2015-10-20T16:14:41","modified_gmt":"2015-10-20T13:14:41","slug":"putin-las-operaciones-militares-rusas-en-siria-demuestran-las-capacidad-de-rusia-a-enfrentar-al-terrorismo","status":"publish","type":"post","link":"https:\/\/archive.sana.sy\/es\/?p=31889","title":{"rendered":"Putin: las operaciones militares rusas en Siria demuestran las capacidad de Rusia a enfrentar al terrorismo"},"content":{"rendered":"<p><span style=\"color: #800000\">Mosc\u00fa, SANA<\/span><\/p>\n<p>El presidente ruso Vladimir Putin declar\u00f3 que los terroristas en Siria est\u00e1n planeando desestabilizar otras regiones as\u00ed como reclutan combatientes de varios pa\u00edses.<\/p>\n<p>Durante una reuni\u00f3n con un grupo de altos generales en el ej\u00e9rcito ruso, el amnadatrio ruso dijo que la operaci\u00f3n militar rusa en Siria confirma la disposici\u00f3n de la Federaci\u00f3n de Rusia para responder de manera adecuada y eficaz ante terroristas y otras amenazas.<\/p>\n<p>El mandatario ruso ha confirmado este martes, segun informa RIA Novosti, que como resultado de la operaci\u00f3n queda confirmado que Rusia est\u00e1 dispuesta a responder de manera adecuada y eficaz ante amenazas terroristas y cualquier otra amenaza&#8221;.<\/p>\n<p>Asimismo, ha hecho hincapi\u00e9 en que desde el pasado 30 de septiembre las Fuerzas Aeroespaciales rusas est\u00e1n llevando a cabo ataques a\u00e9reos milim\u00e9tricos que destruyen los campos de entrenamiento, los puestos de mando, los dep\u00f3sitos de municiones y otras instalaciones de los terroristas en Siria.<\/p>\n<p>Adem\u00e1s, en el marco de la operaci\u00f3n tambi\u00e9n participa la Flotilla rusa del mar Caspio, que llev\u00f3 a cabo un ataque con 26 misiles de crucero que golpearon con \u00e9xito las posiciones del Estado Isl\u00e1mico.<\/p>\n<p>&nbsp;<br \/>\n<span style=\"color: #00ccff\">Fady M., Hala B.<\/span><\/p>\n","protected":false},"excerpt":{"rendered":"<p>Mosc\u00fa, SANA El presidente ruso Vladimir Putin declar\u00f3 que los terroristas en Siria est\u00e1n planeando desestabilizar otras regiones as\u00ed como reclutan combatientes de varios pa\u00edses. Durante una reuni\u00f3n con un grupo de altos generales en el ej\u00e9rcito ruso, el amnadatrio ruso dijo que la operaci\u00f3n militar rusa en Siria confirma la disposici\u00f3n de la Federaci\u00f3n &hellip;<\/p>\n","protected":false},"author":1,"featured_media":31890,"comment_status":"closed","ping_status":"closed","sticky":false,"template":"","format":"standard","meta":{"footnotes":""},"categories":[456,457,576],"tags":[7107],"class_list":["post-31889","post","type-post","status-publish","format-standard","has-post-thumbnail","","category-arabe-internacional-politica","category-noticias-arabe-internacional-politica","category-noticias-politicas","tag-putin-las-operaciones-militares-rusas-en-siria-demuestran-las-capacidad-de-rusia-a-enfrentar-al-terrorismo"],"_links":{"self":[{"href":"https:\/\/archive.sana.sy\/es\/index.php?rest_route=\/wp\/v2\/posts\/31889"}],"collection":[{"href":"https:\/\/archive.sana.sy\/es\/index.php?rest_route=\/wp\/v2\/posts"}],"about":[{"href":"https:\/\/archive.sana.sy\/es\/index.php?rest_route=\/wp\/v2\/types\/post"}],"author":[{"embeddable":true,"href":"https:\/\/archive.sana.sy\/es\/index.php?rest_route=\/wp\/v2\/users\/1"}],"replies":[{"embeddable":true,"href":"https:\/\/archive.sana.sy\/es\/index.php?rest_route=%2Fwp%2Fv2%2Fcomments&post=31889"}],"version-history":[{"count":0,"href":"https:\/\/archive.sana.sy\/es\/index.php?rest_route=\/wp\/v2\/posts\/31889\/revisions"}],"wp:featuredmedia":[{"embeddable":true,"href":"https:\/\/archive.sana.sy\/es\/index.php?rest_route=\/wp\/v2\/media\/31890"}],"wp:attachment":[{"href":"https:\/\/archive.sana.sy\/es\/index.php?rest_route=%2Fwp%2Fv2%2Fmedia&parent=31889"}],"wp:term":[{"taxonomy":"category","embeddable":true,"href":"https:\/\/archive.sana.sy\/es\/index.php?rest_route=%2Fwp%2Fv2%2Fcategories&post=31889"},{"taxonomy":"post_tag","embeddable":true,"href":"https:\/\/archive.sana.sy\/es\/index.php?rest_route=%2Fwp%2Fv2%2Ftags&post=31889"}],"curies":[{"name":"wp","href":"https:\/\/api.w.org\/{rel}","templated":true}]}}