{"id":318897,"date":"2024-01-07T10:30:45","date_gmt":"2024-01-07T07:30:45","guid":{"rendered":"https:\/\/sana.sy\/es\/?p=318897"},"modified":"2024-01-07T18:39:28","modified_gmt":"2024-01-07T15:39:28","slug":"asciende-a-22-835-la-cifra-de-palestinos-masacrados-por-israel-en-gaza","status":"publish","type":"post","link":"https:\/\/archive.sana.sy\/es\/?p=318897","title":{"rendered":"Asciende a 22.835 la cifra de palestinos masacrados por \u201cIsrael\u201d en Gaza"},"content":{"rendered":"<p style=\"text-align: justify;\"><span style=\"color: #800000;\"><strong>Jerusal\u00e9n, 7 ene (SANA)<\/strong> <\/span>El Ministerio de Salud palestino anunci\u00f3 hoy que el n\u00famero de muertos en la Franja debido a la agresi\u00f3n israel\u00ed, ha aumentado a 22.835.<\/p>\n<p style=\"text-align: justify;\">En un comunicado publicado en Telegram, el Ministerio indic\u00f3 que en el d\u00eda 93 de la brutal agresi\u00f3n israel\u00ed a Gaza, el n\u00famero de personas heridas aument\u00f3 a 58.416.<\/p>\n<p style=\"text-align: justify;\">Durante las \u00faltimas 24 horas, el ocupante israel\u00ed cometi\u00f3 12 masacres contra familias en la Franja de Gaza, causando la muerte de 113 palestinos y lesiones a otros 250.<\/p>\n<p style=\"text-align: justify;\">La agresi\u00f3n dej\u00f3 fuera de servicio a 30 hospitales y el ocupante perpetr\u00f3 hasta ahora 1.903 masacres, mientras que los soldados de ocupaci\u00f3n robaron dinero y oro de la Franja de Gaza por valor de m\u00e1s de 90 millones de shekels, seg\u00fan la oficina0 gubernamental.<\/p>\n<p style=\"text-align: justify;\">La Oficina de Prensa anunci\u00f3 que el n\u00famero de periodistas m\u00e1rtires aument\u00f3 a 109 desde el inicio de la guerra genocida israel\u00ed contra Gaza.<\/p>\n<p style=\"text-align: justify;\">fm\/ed<\/p>\n","protected":false},"excerpt":{"rendered":"<p>Jerusal\u00e9n, 7 ene (SANA) El Ministerio de Salud palestino anunci\u00f3 hoy que el n\u00famero de muertos en la Franja debido a la agresi\u00f3n israel\u00ed, ha aumentado a 22.835. En un comunicado publicado en Telegram, el Ministerio indic\u00f3 que en el d\u00eda 93 de la brutal agresi\u00f3n israel\u00ed a Gaza, el n\u00famero de personas heridas aument\u00f3 &hellip;<\/p>\n","protected":false},"author":32,"featured_media":318898,"comment_status":"closed","ping_status":"closed","sticky":false,"template":"","format":"standard","meta":{"footnotes":""},"categories":[597,456,16687,20724,583],"tags":[],"class_list":["post-318897","post","type-post","status-publish","format-standard","has-post-thumbnail","","category-cinta-de-noticias","category-arabe-internacional-politica","category-internacionales","category-minuto-a-minuto","category-slide"],"_links":{"self":[{"href":"https:\/\/archive.sana.sy\/es\/index.php?rest_route=\/wp\/v2\/posts\/318897"}],"collection":[{"href":"https:\/\/archive.sana.sy\/es\/index.php?rest_route=\/wp\/v2\/posts"}],"about":[{"href":"https:\/\/archive.sana.sy\/es\/index.php?rest_route=\/wp\/v2\/types\/post"}],"author":[{"embeddable":true,"href":"https:\/\/archive.sana.sy\/es\/index.php?rest_route=\/wp\/v2\/users\/32"}],"replies":[{"embeddable":true,"href":"https:\/\/archive.sana.sy\/es\/index.php?rest_route=%2Fwp%2Fv2%2Fcomments&post=318897"}],"version-history":[{"count":2,"href":"https:\/\/archive.sana.sy\/es\/index.php?rest_route=\/wp\/v2\/posts\/318897\/revisions"}],"predecessor-version":[{"id":318900,"href":"https:\/\/archive.sana.sy\/es\/index.php?rest_route=\/wp\/v2\/posts\/318897\/revisions\/318900"}],"wp:featuredmedia":[{"embeddable":true,"href":"https:\/\/archive.sana.sy\/es\/index.php?rest_route=\/wp\/v2\/media\/318898"}],"wp:attachment":[{"href":"https:\/\/archive.sana.sy\/es\/index.php?rest_route=%2Fwp%2Fv2%2Fmedia&parent=318897"}],"wp:term":[{"taxonomy":"category","embeddable":true,"href":"https:\/\/archive.sana.sy\/es\/index.php?rest_route=%2Fwp%2Fv2%2Fcategories&post=318897"},{"taxonomy":"post_tag","embeddable":true,"href":"https:\/\/archive.sana.sy\/es\/index.php?rest_route=%2Fwp%2Fv2%2Ftags&post=318897"}],"curies":[{"name":"wp","href":"https:\/\/api.w.org\/{rel}","templated":true}]}}