{"id":318966,"date":"2024-01-08T13:17:12","date_gmt":"2024-01-08T10:17:12","guid":{"rendered":"https:\/\/sana.sy\/es\/?p=318966"},"modified":"2024-01-08T13:20:30","modified_gmt":"2024-01-08T10:20:30","slug":"la-isla-habitada-mas-pequena-del-mundo-fotos-2","status":"publish","type":"post","link":"https:\/\/archive.sana.sy\/es\/?p=318966","title":{"rendered":"La isla habitada m\u00e1s peque\u00f1a del mundo (+fotos)"},"content":{"rendered":"<blockquote>\n<p style=\"text-align: justify;\"><span style=\"color: #993300;\"><strong>Solo siete familias viven en la isla \u201cAl-Qasr\u201d en el campo de la provincia siria de Latakia.<\/strong><\/span><\/p>\n<\/blockquote>\n<p style=\"text-align: justify;\"><span style=\"color: #800000;\"><strong>Latakia, 08 ene (SANA) <\/strong><\/span>La isla Al-Qasr o isla \u201cKan Yamakan\u201d \u00c9rase una vez en espa\u00f1ol\u201d, como la llaman algunos residentes de la localidad de Wata Al-Shir en el poblado de Al-Bahloulia en el campo de Latakia, es una de las islas habitadas m\u00e1s peque\u00f1as del mundo, con una superficie de tan solo 12.000m y est\u00e1 ubicada en el lago 16 de Octubre.<\/p>\n<p style=\"text-align: justify;\">La historia de la isla y el origen su nombre, se basan en las ruinas de un antiguo palacio romano, y por eso se le llam\u00f3 la Isla del Palacio.<\/p>\n<p style=\"text-align: justify;\">La mayor\u00eda de los residentes de la isla son ancianos que se negaron a mudarse a vivir fuera de ella, y actualmente en la isla viven siete familias.<\/p>\n<p style=\"text-align: justify;\">Los habitabtes de la isla consideran que este lugar es su mundo hermoso que no tiene igual en otras partes del planeta.<\/p>\n<p style=\"text-align: justify;\">La fuente de sustento de las siete familias que viven en la isla son los cultivos agr\u00edcolas, olivos, c\u00edtricos, granados, higueras y otros \u00e1rboles frutales, y en primavera, cuando comienza la \u00e9poca de riego y baja el nivel del lago, la gente ara su tierra, que estaba sumergida en agua, para sembrar hortalizas de verano.<\/p>\n<p style=\"text-align: justify;\">En cuanto al movimiento entre la isla y otros lugares, cada familia tiene un barco que lo utiliza en invierno para trasladarse desde y hacia la isla.<\/p>\n<p style=\"text-align: justify;\">En verano, cuando el agua retrocede, los habitantes de la isla pueden moverse a pie o en coche.<\/p>\n<div id=\"gallery-2\" class=\"gallery galleryid-304795 gallery-columns-1 gallery-size-full\" style=\"text-align: justify;\">\n<figure class=\"gallery-item\">\n<div class=\"gallery-icon landscape\"><a href=\"https:\/\/www.sana.sy\/es\/?attachment_id=304798\" data-slb-active=\"1\" data-slb-asset=\"588081777\" data-slb-internal=\"304798\" data-slb-group=\"304795\"><img loading=\"lazy\" decoding=\"async\" class=\"attachment-full size-full tie-appear\" src=\"https:\/\/www.sana.sy\/es\/wp-content\/uploads\/2023\/07\/La-isla-habitada-mas-pequena-del-mundo-3.jpg\" sizes=\"(max-width: 552px) 100vw, 552px\" srcset=\"https:\/\/www.sana.sy\/es\/wp-content\/uploads\/2023\/07\/La-isla-habitada-mas-pequena-del-mundo-3.jpg 552w, https:\/\/www.sana.sy\/es\/wp-content\/uploads\/2023\/07\/La-isla-habitada-mas-pequena-del-mundo-3-300x225.jpg 300w, https:\/\/www.sana.sy\/es\/wp-content\/uploads\/2023\/07\/La-isla-habitada-mas-pequena-del-mundo-3-150x113.jpg 150w\" alt=\"\" width=\"552\" height=\"414\" \/><\/a><\/div>\n<\/figure>\n<figure class=\"gallery-item\">\n<div class=\"gallery-icon landscape\"><a href=\"https:\/\/www.sana.sy\/es\/?attachment_id=304799\" data-slb-active=\"1\" data-slb-asset=\"1993436202\" data-slb-internal=\"304799\" data-slb-group=\"304795\"><img loading=\"lazy\" decoding=\"async\" class=\"attachment-full size-full tie-appear\" src=\"https:\/\/www.sana.sy\/es\/wp-content\/uploads\/2023\/07\/La-isla-habitada-mas-pequena-del-mundo-4.jpg\" sizes=\"(max-width: 720px) 100vw, 720px\" srcset=\"https:\/\/www.sana.sy\/es\/wp-content\/uploads\/2023\/07\/La-isla-habitada-mas-pequena-del-mundo-4.jpg 720w, https:\/\/www.sana.sy\/es\/wp-content\/uploads\/2023\/07\/La-isla-habitada-mas-pequena-del-mundo-4-300x165.jpg 300w, https:\/\/www.sana.sy\/es\/wp-content\/uploads\/2023\/07\/La-isla-habitada-mas-pequena-del-mundo-4-150x83.jpg 150w\" alt=\"\" width=\"720\" height=\"396\" \/><\/a><\/div>\n<\/figure>\n<figure class=\"gallery-item\">\n<div class=\"gallery-icon landscape\"><a href=\"https:\/\/www.sana.sy\/es\/?attachment_id=304797\" data-slb-active=\"1\" data-slb-asset=\"882251009\" data-slb-internal=\"304797\" data-slb-group=\"304795\"><img loading=\"lazy\" decoding=\"async\" class=\"attachment-full size-full tie-appear\" src=\"https:\/\/www.sana.sy\/es\/wp-content\/uploads\/2023\/07\/La-isla-habitada-mas-pequena-del-mundo-2.jpg\" sizes=\"(max-width: 640px) 100vw, 640px\" srcset=\"https:\/\/www.sana.sy\/es\/wp-content\/uploads\/2023\/07\/La-isla-habitada-mas-pequena-del-mundo-2.jpg 640w, https:\/\/www.sana.sy\/es\/wp-content\/uploads\/2023\/07\/La-isla-habitada-mas-pequena-del-mundo-2-300x225.jpg 300w, https:\/\/www.sana.sy\/es\/wp-content\/uploads\/2023\/07\/La-isla-habitada-mas-pequena-del-mundo-2-150x113.jpg 150w\" alt=\"\" width=\"640\" height=\"480\" \/><\/a><\/div>\n<\/figure>\n<\/div>\n<p style=\"text-align: justify;\">sm\/fm<\/p>\n","protected":false},"excerpt":{"rendered":"<p>Solo siete familias viven en la isla \u201cAl-Qasr\u201d en el campo de la provincia siria de Latakia. Latakia, 08 ene (SANA) La isla Al-Qasr o isla \u201cKan Yamakan\u201d \u00c9rase una vez en espa\u00f1ol\u201d, como la llaman algunos residentes de la localidad de Wata Al-Shir en el poblado de Al-Bahloulia en el campo de Latakia, es &hellip;<\/p>\n","protected":false},"author":42,"featured_media":318967,"comment_status":"closed","ping_status":"closed","sticky":false,"template":"","format":"standard","meta":{"footnotes":""},"categories":[597,476,571,7541],"tags":[],"class_list":["post-318966","post","type-post","status-publish","format-standard","has-post-thumbnail","","category-cinta-de-noticias","category-locales","category-siria-en-fotos","category-ultimas-noticias"],"_links":{"self":[{"href":"https:\/\/archive.sana.sy\/es\/index.php?rest_route=\/wp\/v2\/posts\/318966"}],"collection":[{"href":"https:\/\/archive.sana.sy\/es\/index.php?rest_route=\/wp\/v2\/posts"}],"about":[{"href":"https:\/\/archive.sana.sy\/es\/index.php?rest_route=\/wp\/v2\/types\/post"}],"author":[{"embeddable":true,"href":"https:\/\/archive.sana.sy\/es\/index.php?rest_route=\/wp\/v2\/users\/42"}],"replies":[{"embeddable":true,"href":"https:\/\/archive.sana.sy\/es\/index.php?rest_route=%2Fwp%2Fv2%2Fcomments&post=318966"}],"version-history":[{"count":2,"href":"https:\/\/archive.sana.sy\/es\/index.php?rest_route=\/wp\/v2\/posts\/318966\/revisions"}],"predecessor-version":[{"id":318969,"href":"https:\/\/archive.sana.sy\/es\/index.php?rest_route=\/wp\/v2\/posts\/318966\/revisions\/318969"}],"wp:featuredmedia":[{"embeddable":true,"href":"https:\/\/archive.sana.sy\/es\/index.php?rest_route=\/wp\/v2\/media\/318967"}],"wp:attachment":[{"href":"https:\/\/archive.sana.sy\/es\/index.php?rest_route=%2Fwp%2Fv2%2Fmedia&parent=318966"}],"wp:term":[{"taxonomy":"category","embeddable":true,"href":"https:\/\/archive.sana.sy\/es\/index.php?rest_route=%2Fwp%2Fv2%2Fcategories&post=318966"},{"taxonomy":"post_tag","embeddable":true,"href":"https:\/\/archive.sana.sy\/es\/index.php?rest_route=%2Fwp%2Fv2%2Ftags&post=318966"}],"curies":[{"name":"wp","href":"https:\/\/api.w.org\/{rel}","templated":true}]}}