{"id":31897,"date":"2015-10-20T17:02:57","date_gmt":"2015-10-20T14:02:57","guid":{"rendered":"http:\/\/sana.sy\/es\/?p=31897"},"modified":"2015-10-20T17:02:57","modified_gmt":"2015-10-20T14:02:57","slug":"gran-mufti-de-siria-se-reune-con-una-delegacion-irani-de-la-universidad-al-mustafa","status":"publish","type":"post","link":"https:\/\/archive.sana.sy\/es\/?p=31897","title":{"rendered":"Gran Muft\u00ed de Siria se re\u00fane con una delegaci\u00f3n iran\u00ed de la Universidad al-Mustafa"},"content":{"rendered":"<p><span style=\"color: #800000\">Damasco, SANA<\/span><\/p>\n<p>El gran Muft\u00ed de la Rep\u00fablica \u00c1rabe Siria, Dr. Bader Addin Hassoun se reuni\u00f3 este martes con una delegaci\u00f3n de la Universidad Internacional en Ir\u00e1n \u201cal-Mustafa\u201d, encabezada por el\u00a0rector de la misma, Ali Riza Arafi.<\/p>\n<p>Durante la reuni\u00f3n, el gran Muft\u00ed sirio ensalz\u00f3 el apoyo brindado por el pueblo iran\u00ed a Siria en su guerra contra el terrorismo.<\/p>\n<p>A su vez, el rector de la Universidad \u201cal-Mustada\u201d ratific\u00f3 el respaldo de Ir\u00e1n al pueblo sirio frente a la guerra terrorista takfirista y la ideolog\u00eda oscurantista que no tiene nada que ver con la religi\u00f3n del islam moderado que se ha practicado siempre en Siria.<\/p>\n<p>La reuni\u00f3n cont\u00f3 con la presencia del embajador iran\u00ed en Damasco, Mohamad Riza Ra\u00faf Sheibani.<\/p>\n<p>Asimismo, Hassoun recibi\u00f3 hoy el martes una delegaci\u00f3n de la colectividad siria en la Federaci\u00f3n rusa, donde recalc\u00f3 en la necesidad de que los emigrantes sirios desempe\u00f1en el mayor papel en la reconstrucci\u00f3n de su madre patria, as\u00ed como trasmitan una buena imagen de la misma.<\/p>\n<p>A su vez, los miembros de la delegaci\u00f3n manifestaron su disposici\u00f3n de hacer todo lo posible para apoyar la resistencia de Siria y formar parte de la etapa de la reedificaci\u00f3n del pa\u00eds.<\/p>\n<p>&nbsp;<\/p>\n<p>Lynn A.<\/p>\n","protected":false},"excerpt":{"rendered":"<p>Damasco, SANA El gran Muft\u00ed de la Rep\u00fablica \u00c1rabe Siria, Dr. Bader Addin Hassoun se reuni\u00f3 este martes con una delegaci\u00f3n de la Universidad Internacional en Ir\u00e1n \u201cal-Mustafa\u201d, encabezada por el\u00a0rector de la misma, Ali Riza Arafi. Durante la reuni\u00f3n, el gran Muft\u00ed sirio ensalz\u00f3 el apoyo brindado por el pueblo iran\u00ed a Siria en &hellip;<\/p>\n","protected":false},"author":24,"featured_media":31898,"comment_status":"closed","ping_status":"closed","sticky":false,"template":"","format":"standard","meta":{"footnotes":""},"categories":[477,597,476],"tags":[],"class_list":["post-31897","post","type-post","status-publish","format-standard","has-post-thumbnail","","category-noticias-edulcorantes","category-cinta-de-noticias","category-locales"],"_links":{"self":[{"href":"https:\/\/archive.sana.sy\/es\/index.php?rest_route=\/wp\/v2\/posts\/31897"}],"collection":[{"href":"https:\/\/archive.sana.sy\/es\/index.php?rest_route=\/wp\/v2\/posts"}],"about":[{"href":"https:\/\/archive.sana.sy\/es\/index.php?rest_route=\/wp\/v2\/types\/post"}],"author":[{"embeddable":true,"href":"https:\/\/archive.sana.sy\/es\/index.php?rest_route=\/wp\/v2\/users\/24"}],"replies":[{"embeddable":true,"href":"https:\/\/archive.sana.sy\/es\/index.php?rest_route=%2Fwp%2Fv2%2Fcomments&post=31897"}],"version-history":[{"count":0,"href":"https:\/\/archive.sana.sy\/es\/index.php?rest_route=\/wp\/v2\/posts\/31897\/revisions"}],"wp:featuredmedia":[{"embeddable":true,"href":"https:\/\/archive.sana.sy\/es\/index.php?rest_route=\/wp\/v2\/media\/31898"}],"wp:attachment":[{"href":"https:\/\/archive.sana.sy\/es\/index.php?rest_route=%2Fwp%2Fv2%2Fmedia&parent=31897"}],"wp:term":[{"taxonomy":"category","embeddable":true,"href":"https:\/\/archive.sana.sy\/es\/index.php?rest_route=%2Fwp%2Fv2%2Fcategories&post=31897"},{"taxonomy":"post_tag","embeddable":true,"href":"https:\/\/archive.sana.sy\/es\/index.php?rest_route=%2Fwp%2Fv2%2Ftags&post=31897"}],"curies":[{"name":"wp","href":"https:\/\/api.w.org\/{rel}","templated":true}]}}