{"id":318974,"date":"2024-01-08T13:37:51","date_gmt":"2024-01-08T10:37:51","guid":{"rendered":"https:\/\/sana.sy\/es\/?p=318974"},"modified":"2024-01-08T13:37:51","modified_gmt":"2024-01-08T10:37:51","slug":"israel-continua-sus-ataques-contra-localidades-libanesas","status":"publish","type":"post","link":"https:\/\/archive.sana.sy\/es\/?p=318974","title":{"rendered":"Israel contin\u00faa sus ataques contra localidades libanesas"},"content":{"rendered":"<p style=\"text-align: justify;\"><span style=\"color: #800000;\"><strong>Beirut, 8 ene (SANA)<\/strong><\/span> El ej\u00e9rcito de ocupaci\u00f3n israel\u00ed ha continuado sus ataques contra localidades en el sur del L\u00edbano.<\/p>\n<p style=\"text-align: justify;\">De acuerdo a reportes de la Agencia Nacional Libanesa de Noticias, aviones de combate israel\u00edes llevaron a cabo incursiones entre los poblados de Marwahin y Balat.<\/p>\n<p style=\"text-align: justify;\">Otros bombardeos apuntaron contra \u00e1reas en las afueras de los poblados de Aita al-Shaab y Khallet Warda, mientras columnas de humo negro se elevaban de los lugares atacados.<\/p>\n<p style=\"text-align: justify;\">Adem\u00e1s, las fuerzas sionistas bombardearon con bombas de f\u00f3sforo el \u00e1rea de Bab Thaniyah en Al-Khiyam y Tallet Al-Awaidah entre las loclidades de Adissa y Kafr Kila.<\/p>\n<p style=\"text-align: justify;\">Asimismo, el ej\u00e9rcito israel\u00ed atac\u00f3 la zona de Karkazan, al noreste de la ciudad de Mays al-Jabal, con proyectiles de f\u00f3sforo, y su artiller\u00eda bombarde\u00f3 las afueras de la ciudad de Hula.<\/p>\n<p style=\"text-align: justify;\">fm\/as<\/p>\n","protected":false},"excerpt":{"rendered":"<p>Beirut, 8 ene (SANA) El ej\u00e9rcito de ocupaci\u00f3n israel\u00ed ha continuado sus ataques contra localidades en el sur del L\u00edbano. De acuerdo a reportes de la Agencia Nacional Libanesa de Noticias, aviones de combate israel\u00edes llevaron a cabo incursiones entre los poblados de Marwahin y Balat. Otros bombardeos apuntaron contra \u00e1reas en las afueras de &hellip;<\/p>\n","protected":false},"author":42,"featured_media":318975,"comment_status":"closed","ping_status":"closed","sticky":false,"template":"","format":"standard","meta":{"footnotes":""},"categories":[597,456,16687,20724,7541],"tags":[],"class_list":["post-318974","post","type-post","status-publish","format-standard","has-post-thumbnail","","category-cinta-de-noticias","category-arabe-internacional-politica","category-internacionales","category-minuto-a-minuto","category-ultimas-noticias"],"_links":{"self":[{"href":"https:\/\/archive.sana.sy\/es\/index.php?rest_route=\/wp\/v2\/posts\/318974"}],"collection":[{"href":"https:\/\/archive.sana.sy\/es\/index.php?rest_route=\/wp\/v2\/posts"}],"about":[{"href":"https:\/\/archive.sana.sy\/es\/index.php?rest_route=\/wp\/v2\/types\/post"}],"author":[{"embeddable":true,"href":"https:\/\/archive.sana.sy\/es\/index.php?rest_route=\/wp\/v2\/users\/42"}],"replies":[{"embeddable":true,"href":"https:\/\/archive.sana.sy\/es\/index.php?rest_route=%2Fwp%2Fv2%2Fcomments&post=318974"}],"version-history":[{"count":1,"href":"https:\/\/archive.sana.sy\/es\/index.php?rest_route=\/wp\/v2\/posts\/318974\/revisions"}],"predecessor-version":[{"id":318976,"href":"https:\/\/archive.sana.sy\/es\/index.php?rest_route=\/wp\/v2\/posts\/318974\/revisions\/318976"}],"wp:featuredmedia":[{"embeddable":true,"href":"https:\/\/archive.sana.sy\/es\/index.php?rest_route=\/wp\/v2\/media\/318975"}],"wp:attachment":[{"href":"https:\/\/archive.sana.sy\/es\/index.php?rest_route=%2Fwp%2Fv2%2Fmedia&parent=318974"}],"wp:term":[{"taxonomy":"category","embeddable":true,"href":"https:\/\/archive.sana.sy\/es\/index.php?rest_route=%2Fwp%2Fv2%2Fcategories&post=318974"},{"taxonomy":"post_tag","embeddable":true,"href":"https:\/\/archive.sana.sy\/es\/index.php?rest_route=%2Fwp%2Fv2%2Ftags&post=318974"}],"curies":[{"name":"wp","href":"https:\/\/api.w.org\/{rel}","templated":true}]}}