{"id":318979,"date":"2024-01-08T13:45:52","date_gmt":"2024-01-08T10:45:52","guid":{"rendered":"https:\/\/sana.sy\/es\/?p=318979"},"modified":"2024-01-08T14:58:53","modified_gmt":"2024-01-08T11:58:53","slug":"el-minuto-a-minuto-de-la-agresion-israeli-a-gaza-11","status":"publish","type":"post","link":"https:\/\/archive.sana.sy\/es\/?p=318979","title":{"rendered":"El minuto a minuto de la agresi\u00f3n israel\u00ed a Gaza"},"content":{"rendered":"<p style=\"text-align: justify;\"><span style=\"color: #800000;\"><strong>Jerusal\u00e9n ocupada, 08 ene (SANA)<\/strong> <\/span><strong>A continuaci\u00f3n, los desarrollos m\u00e1s recientes sobre la agresi\u00f3n israel\u00ed contra la Franja de Gaza:<\/strong><\/p>\n<p>????????\u00a0 Durante las \u00faltimas 24 horas, las fuerzas israel\u00edes cometieron 17 masacres en Gaza, que cobraron la vida de 249 palestinos mientras 510 resultaron heridos, inform\u00f3 el Ministerio palestino de Salud.<\/p>\n<p>????????\u00a0 Bombardeo a\u00e9reo israel\u00ed caus\u00f3 la muerte de 30 palestinos, incluidos 8 ni\u00f1os, en Khan Yunis, al sur de la Franja de Gaza.<\/p>\n<p style=\"text-align: justify;\">???????? Ocho muertos y varios heridos en bombardeo israel\u00ed con artiller\u00eda contra viviendas en el barrio de Al-Manara en Khan Yunis, en el sur de la Franja de Gaza.<\/p>\n<p style=\"text-align: justify;\">???????? Cuatro muertos y varios heridos por bombardeo a\u00e9reo israel\u00ed contra una casa al oeste de Deir al-Balah, en el centro de la Franja de Gaza.<\/p>\n<p style=\"text-align: justify;\">???????? El n\u00famero de m\u00e1rtires palestinos por los bombardeos en Deir al-Balah y sus alrededores ha aumentado a 18.<\/p>\n<p style=\"text-align: justify;\">???????? Ataques israel\u00edes al hospital \u201cM\u00e1rtires de Al-Aqsa\u201d son sentencia de muerte a miles de heridos.<\/p>\n<p style=\"text-align: justify;\">???????? Reportan intensos bombardeos a\u00e9reos israel\u00edes contra el centro de este enclave costero.<\/p>\n","protected":false},"excerpt":{"rendered":"<p>Jerusal\u00e9n ocupada, 08 ene (SANA) A continuaci\u00f3n, los desarrollos m\u00e1s recientes sobre la agresi\u00f3n israel\u00ed contra la Franja de Gaza: ????????\u00a0 Durante las \u00faltimas 24 horas, las fuerzas israel\u00edes cometieron 17 masacres en Gaza, que cobraron la vida de 249 palestinos mientras 510 resultaron heridos, inform\u00f3 el Ministerio palestino de Salud. ????????\u00a0 Bombardeo a\u00e9reo israel\u00ed &hellip;<\/p>\n","protected":false},"author":42,"featured_media":318980,"comment_status":"closed","ping_status":"closed","sticky":false,"template":"","format":"standard","meta":{"footnotes":""},"categories":[597,456,16687,20724,583],"tags":[],"class_list":["post-318979","post","type-post","status-publish","format-standard","has-post-thumbnail","","category-cinta-de-noticias","category-arabe-internacional-politica","category-internacionales","category-minuto-a-minuto","category-slide"],"_links":{"self":[{"href":"https:\/\/archive.sana.sy\/es\/index.php?rest_route=\/wp\/v2\/posts\/318979"}],"collection":[{"href":"https:\/\/archive.sana.sy\/es\/index.php?rest_route=\/wp\/v2\/posts"}],"about":[{"href":"https:\/\/archive.sana.sy\/es\/index.php?rest_route=\/wp\/v2\/types\/post"}],"author":[{"embeddable":true,"href":"https:\/\/archive.sana.sy\/es\/index.php?rest_route=\/wp\/v2\/users\/42"}],"replies":[{"embeddable":true,"href":"https:\/\/archive.sana.sy\/es\/index.php?rest_route=%2Fwp%2Fv2%2Fcomments&post=318979"}],"version-history":[{"count":2,"href":"https:\/\/archive.sana.sy\/es\/index.php?rest_route=\/wp\/v2\/posts\/318979\/revisions"}],"predecessor-version":[{"id":318992,"href":"https:\/\/archive.sana.sy\/es\/index.php?rest_route=\/wp\/v2\/posts\/318979\/revisions\/318992"}],"wp:featuredmedia":[{"embeddable":true,"href":"https:\/\/archive.sana.sy\/es\/index.php?rest_route=\/wp\/v2\/media\/318980"}],"wp:attachment":[{"href":"https:\/\/archive.sana.sy\/es\/index.php?rest_route=%2Fwp%2Fv2%2Fmedia&parent=318979"}],"wp:term":[{"taxonomy":"category","embeddable":true,"href":"https:\/\/archive.sana.sy\/es\/index.php?rest_route=%2Fwp%2Fv2%2Fcategories&post=318979"},{"taxonomy":"post_tag","embeddable":true,"href":"https:\/\/archive.sana.sy\/es\/index.php?rest_route=%2Fwp%2Fv2%2Ftags&post=318979"}],"curies":[{"name":"wp","href":"https:\/\/api.w.org\/{rel}","templated":true}]}}