{"id":318999,"date":"2024-01-08T15:28:30","date_gmt":"2024-01-08T12:28:30","guid":{"rendered":"https:\/\/sana.sy\/es\/?p=318999"},"modified":"2024-01-08T15:28:30","modified_gmt":"2024-01-08T12:28:30","slug":"mas-de-23-mil-palestinos-murieron-por-las-agresiones-israelies-contra-gaza","status":"publish","type":"post","link":"https:\/\/archive.sana.sy\/es\/?p=318999","title":{"rendered":"M\u00e1s de 23 mil palestinos murieron por las agresiones israel\u00edes contra Gaza"},"content":{"rendered":"<p style=\"text-align: justify;\"><span style=\"color: #800000;\"><strong>Jerusal\u00e9n ocupada, 8 ene (SANA)<\/strong> <\/span>El Ministerio de Salud palestino inform\u00f3 hoy que durante las \u00faltimas 24 horas, las fuerzas israel\u00edes cometieron 17 masacres en Gaza, que dejaron 249 palestinos muertos y 510 heridos.<\/p>\n<p style=\"text-align: justify;\">\u201cEl n\u00famero de v\u00edctimas mortales por la actual agresi\u00f3n israel\u00ed en la Franja de Gaza ha aumentado a 23.084 y los heridos superaron los 58.926\u201d, inform\u00f3 un comunicado del ente de salud.<\/p>\n<p style=\"text-align: justify;\">Seg\u00fan el Ministerio, los hospitales del sur de la Franja de Gaza han perdido su capacidad para atender a los heridos en los departamentos de cuidados intensivos, mientras cientos de heridos duermen en el suelo en los pasillos y patios de los centros hospitalarios.<\/p>\n<p style=\"text-align: justify;\">Asimismo, un bombardeo a\u00e9reo israel\u00ed caus\u00f3 la muerte de 30 palestinos, incluidos 8 ni\u00f1os, en Khan Yunis, al sur de la Franja de Gaza, mientras otro ataque con artiller\u00eda contra viviendas en el barrio de Al-Manara en Khan Yunis caus\u00f3 ocho muertos y varios heridos.<\/p>\n<p style=\"text-align: justify;\">as\/fm<\/p>\n","protected":false},"excerpt":{"rendered":"<p>Jerusal\u00e9n ocupada, 8 ene (SANA) El Ministerio de Salud palestino inform\u00f3 hoy que durante las \u00faltimas 24 horas, las fuerzas israel\u00edes cometieron 17 masacres en Gaza, que dejaron 249 palestinos muertos y 510 heridos. \u201cEl n\u00famero de v\u00edctimas mortales por la actual agresi\u00f3n israel\u00ed en la Franja de Gaza ha aumentado a 23.084 y los &hellip;<\/p>\n","protected":false},"author":42,"featured_media":319000,"comment_status":"closed","ping_status":"closed","sticky":false,"template":"","format":"standard","meta":{"footnotes":""},"categories":[597,456,16687,20724,7541],"tags":[],"class_list":["post-318999","post","type-post","status-publish","format-standard","has-post-thumbnail","","category-cinta-de-noticias","category-arabe-internacional-politica","category-internacionales","category-minuto-a-minuto","category-ultimas-noticias"],"_links":{"self":[{"href":"https:\/\/archive.sana.sy\/es\/index.php?rest_route=\/wp\/v2\/posts\/318999"}],"collection":[{"href":"https:\/\/archive.sana.sy\/es\/index.php?rest_route=\/wp\/v2\/posts"}],"about":[{"href":"https:\/\/archive.sana.sy\/es\/index.php?rest_route=\/wp\/v2\/types\/post"}],"author":[{"embeddable":true,"href":"https:\/\/archive.sana.sy\/es\/index.php?rest_route=\/wp\/v2\/users\/42"}],"replies":[{"embeddable":true,"href":"https:\/\/archive.sana.sy\/es\/index.php?rest_route=%2Fwp%2Fv2%2Fcomments&post=318999"}],"version-history":[{"count":1,"href":"https:\/\/archive.sana.sy\/es\/index.php?rest_route=\/wp\/v2\/posts\/318999\/revisions"}],"predecessor-version":[{"id":319001,"href":"https:\/\/archive.sana.sy\/es\/index.php?rest_route=\/wp\/v2\/posts\/318999\/revisions\/319001"}],"wp:featuredmedia":[{"embeddable":true,"href":"https:\/\/archive.sana.sy\/es\/index.php?rest_route=\/wp\/v2\/media\/319000"}],"wp:attachment":[{"href":"https:\/\/archive.sana.sy\/es\/index.php?rest_route=%2Fwp%2Fv2%2Fmedia&parent=318999"}],"wp:term":[{"taxonomy":"category","embeddable":true,"href":"https:\/\/archive.sana.sy\/es\/index.php?rest_route=%2Fwp%2Fv2%2Fcategories&post=318999"},{"taxonomy":"post_tag","embeddable":true,"href":"https:\/\/archive.sana.sy\/es\/index.php?rest_route=%2Fwp%2Fv2%2Ftags&post=318999"}],"curies":[{"name":"wp","href":"https:\/\/api.w.org\/{rel}","templated":true}]}}