{"id":319002,"date":"2024-01-08T16:15:20","date_gmt":"2024-01-08T13:15:20","guid":{"rendered":"https:\/\/sana.sy\/es\/?p=319002"},"modified":"2024-01-08T16:15:20","modified_gmt":"2024-01-08T13:15:20","slug":"fuerzas-israelies-arrestaron-a-mas-de-230-palestinos-en-cisjordania-durante-la-ultima-semana","status":"publish","type":"post","link":"https:\/\/archive.sana.sy\/es\/?p=319002","title":{"rendered":"Fuerzas israel\u00edes arrestaron a m\u00e1s de 230 palestinos en Cisjordania durante la \u00faltima semana"},"content":{"rendered":"<p style=\"text-align: justify;\"><span style=\"color: #800000;\"><strong>Jerusal\u00e9n ocupada, 8 ene (SANA)<\/strong> <\/span>La Autoridad de Asuntos de Prisioneros y Exprisioneros y el Club de Prisioneros Palestinos anunciaron que el ocupante israel\u00ed arrest\u00f3 a m\u00e1s de 230 palestinos la semana pasada en Cisjordania.<\/p>\n<p style=\"text-align: justify;\">Las dos instituciones aclararon en un comunicado conjunto que el n\u00famero de palestinos detenidos en Cisjordania ascendi\u00f3 a 5.730, desde el inicio de la agresi\u00f3n contra la Franja de Gaza el 7 de octubre pasado.<\/p>\n<p style=\"text-align: justify;\">Las detenciones fueron reportadas en Bel\u00e9n, Ramallah, Qalqilya, Naplusa, Hebr\u00f3n, Jenin y Jerusal\u00e9n, y los arrestos estuvieron acompa\u00f1ados de redadas, abusos y actos de vandalismo, indic\u00f3 la nota.<\/p>\n<p style=\"text-align: justify;\">Denunciaron que las crecientes y sin precedentes campa\u00f1as de arresto forman parte de la agresi\u00f3n israel\u00ed contra el pueblo palestino y la guerra de exterminio en curso en la Franja de Gaza.<\/p>\n<p style=\"text-align: justify;\">fm\/as<\/p>\n","protected":false},"excerpt":{"rendered":"<p>Jerusal\u00e9n ocupada, 8 ene (SANA) La Autoridad de Asuntos de Prisioneros y Exprisioneros y el Club de Prisioneros Palestinos anunciaron que el ocupante israel\u00ed arrest\u00f3 a m\u00e1s de 230 palestinos la semana pasada en Cisjordania. Las dos instituciones aclararon en un comunicado conjunto que el n\u00famero de palestinos detenidos en Cisjordania ascendi\u00f3 a 5.730, desde &hellip;<\/p>\n","protected":false},"author":42,"featured_media":319003,"comment_status":"closed","ping_status":"closed","sticky":false,"template":"","format":"standard","meta":{"footnotes":""},"categories":[597,456,16687,20724,7541],"tags":[],"class_list":["post-319002","post","type-post","status-publish","format-standard","has-post-thumbnail","","category-cinta-de-noticias","category-arabe-internacional-politica","category-internacionales","category-minuto-a-minuto","category-ultimas-noticias"],"_links":{"self":[{"href":"https:\/\/archive.sana.sy\/es\/index.php?rest_route=\/wp\/v2\/posts\/319002"}],"collection":[{"href":"https:\/\/archive.sana.sy\/es\/index.php?rest_route=\/wp\/v2\/posts"}],"about":[{"href":"https:\/\/archive.sana.sy\/es\/index.php?rest_route=\/wp\/v2\/types\/post"}],"author":[{"embeddable":true,"href":"https:\/\/archive.sana.sy\/es\/index.php?rest_route=\/wp\/v2\/users\/42"}],"replies":[{"embeddable":true,"href":"https:\/\/archive.sana.sy\/es\/index.php?rest_route=%2Fwp%2Fv2%2Fcomments&post=319002"}],"version-history":[{"count":1,"href":"https:\/\/archive.sana.sy\/es\/index.php?rest_route=\/wp\/v2\/posts\/319002\/revisions"}],"predecessor-version":[{"id":319004,"href":"https:\/\/archive.sana.sy\/es\/index.php?rest_route=\/wp\/v2\/posts\/319002\/revisions\/319004"}],"wp:featuredmedia":[{"embeddable":true,"href":"https:\/\/archive.sana.sy\/es\/index.php?rest_route=\/wp\/v2\/media\/319003"}],"wp:attachment":[{"href":"https:\/\/archive.sana.sy\/es\/index.php?rest_route=%2Fwp%2Fv2%2Fmedia&parent=319002"}],"wp:term":[{"taxonomy":"category","embeddable":true,"href":"https:\/\/archive.sana.sy\/es\/index.php?rest_route=%2Fwp%2Fv2%2Fcategories&post=319002"},{"taxonomy":"post_tag","embeddable":true,"href":"https:\/\/archive.sana.sy\/es\/index.php?rest_route=%2Fwp%2Fv2%2Ftags&post=319002"}],"curies":[{"name":"wp","href":"https:\/\/api.w.org\/{rel}","templated":true}]}}