{"id":319008,"date":"2024-01-08T18:48:22","date_gmt":"2024-01-08T15:48:22","guid":{"rendered":"https:\/\/sana.sy\/es\/?p=319008"},"modified":"2024-01-13T17:27:24","modified_gmt":"2024-01-13T14:27:24","slug":"siria-y-pakistan-abogan-por-desarrollar-cooperacion-en-el-sector-de-transporte","status":"publish","type":"post","link":"https:\/\/archive.sana.sy\/es\/?p=319008","title":{"rendered":"Siria y Pakist\u00e1n abogan por desarrollar cooperaci\u00f3n en el sector de transporte"},"content":{"rendered":"<p style=\"text-align: justify;\"><span style=\"color: #800000;\"><strong>Damasco, 8 ene (SANA)<\/strong><\/span>\u00a0 El ministro de Transporte, Zuhair Khuzaym, abord\u00f3 hoy con el embajador de Pakist\u00e1n en Damasco, Shahid Akhtar, los medios de fortalecer las relaciones bilaterales en el \u00e1mbito del transporte.<\/p>\n<p style=\"text-align: justify;\">Durante la reuni\u00f3n, se examinaron las formas de activar los acuerdos conjuntos con las diversas empresas de transporte en los dos pa\u00edses, con el objetivo de incrementar el intercambio comercial y econ\u00f3mico, especialmente en el campo del transporte a\u00e9reo.<\/p>\n<p style=\"text-align: justify;\">El Ministro sirio dio a conocer las repercusiones de las medidas coercitivas unilaterales sobre el pueblo sirio, y la destrucci\u00f3n y el sabotaje a los que estuvo expuesto el sector del transporte en Siria debido al terrorismo.<\/p>\n<p style=\"text-align: justify;\">Por su parte, el embajador pakistan\u00ed afirm\u00f3 la posici\u00f3n de apoyo de su pa\u00eds a Siria, y se\u00f1al\u00f3 la importancia de fortalecer las relaciones entre las instituciones de transporte de las dos partes, aumentar el n\u00famero de vuelos y activar el movimiento comercial y econ\u00f3mico en beneficio de los dos pueblos amigos.<\/p>\n<p style=\"text-align: justify;\">rr<\/p>\n","protected":false},"excerpt":{"rendered":"<p>Damasco, 8 ene (SANA)\u00a0 El ministro de Transporte, Zuhair Khuzaym, abord\u00f3 hoy con el embajador de Pakist\u00e1n en Damasco, Shahid Akhtar, los medios de fortalecer las relaciones bilaterales en el \u00e1mbito del transporte. Durante la reuni\u00f3n, se examinaron las formas de activar los acuerdos conjuntos con las diversas empresas de transporte en los dos pa\u00edses, &hellip;<\/p>\n","protected":false},"author":31,"featured_media":319009,"comment_status":"closed","ping_status":"closed","sticky":false,"template":"","format":"standard","meta":{"footnotes":""},"categories":[597,476,467,7541],"tags":[7023,6553],"class_list":["post-319008","post","type-post","status-publish","format-standard","has-post-thumbnail","","category-cinta-de-noticias","category-locales","category-siria-y-el-mundo","category-ultimas-noticias","tag-irak","tag-siria"],"_links":{"self":[{"href":"https:\/\/archive.sana.sy\/es\/index.php?rest_route=\/wp\/v2\/posts\/319008"}],"collection":[{"href":"https:\/\/archive.sana.sy\/es\/index.php?rest_route=\/wp\/v2\/posts"}],"about":[{"href":"https:\/\/archive.sana.sy\/es\/index.php?rest_route=\/wp\/v2\/types\/post"}],"author":[{"embeddable":true,"href":"https:\/\/archive.sana.sy\/es\/index.php?rest_route=\/wp\/v2\/users\/31"}],"replies":[{"embeddable":true,"href":"https:\/\/archive.sana.sy\/es\/index.php?rest_route=%2Fwp%2Fv2%2Fcomments&post=319008"}],"version-history":[{"count":2,"href":"https:\/\/archive.sana.sy\/es\/index.php?rest_route=\/wp\/v2\/posts\/319008\/revisions"}],"predecessor-version":[{"id":319486,"href":"https:\/\/archive.sana.sy\/es\/index.php?rest_route=\/wp\/v2\/posts\/319008\/revisions\/319486"}],"wp:featuredmedia":[{"embeddable":true,"href":"https:\/\/archive.sana.sy\/es\/index.php?rest_route=\/wp\/v2\/media\/319009"}],"wp:attachment":[{"href":"https:\/\/archive.sana.sy\/es\/index.php?rest_route=%2Fwp%2Fv2%2Fmedia&parent=319008"}],"wp:term":[{"taxonomy":"category","embeddable":true,"href":"https:\/\/archive.sana.sy\/es\/index.php?rest_route=%2Fwp%2Fv2%2Fcategories&post=319008"},{"taxonomy":"post_tag","embeddable":true,"href":"https:\/\/archive.sana.sy\/es\/index.php?rest_route=%2Fwp%2Fv2%2Ftags&post=319008"}],"curies":[{"name":"wp","href":"https:\/\/api.w.org\/{rel}","templated":true}]}}