{"id":319011,"date":"2024-01-08T19:05:58","date_gmt":"2024-01-08T16:05:58","guid":{"rendered":"https:\/\/sana.sy\/es\/?p=319011"},"modified":"2024-01-08T19:05:58","modified_gmt":"2024-01-08T16:05:58","slug":"base-estadounidense-en-el-nordeste-de-siria-es-atacada-con-drones","status":"publish","type":"post","link":"https:\/\/archive.sana.sy\/es\/?p=319011","title":{"rendered":"Base estadounidense en el nordeste de Siria es atacada con drones"},"content":{"rendered":"<p style=\"text-align: justify;\"><span style=\"color: #800000;\"><strong>Bagdad, 8 ene (SANA)\u00a0<\/strong><\/span> La autodenominada Resistencia Isl\u00e1mica en Iraq atac\u00f3 con drones las tropas del ocupante estadounidenses en la base ilegal de Rmelan en el campo de la provincia siria de Hasakeh.<\/p>\n<p style=\"text-align: justify;\">\u201cEn continuaci\u00f3n de nuestro enfoque de resistir al ocupante y en respuesta a las masacres cometidas por Israel, nuestros combatientes atacaron con drones las fuerzas de ocupaci\u00f3n estadounidenses en la base de Rmelan\u201d, declar\u00f3 la Resistencia en un comunicado.<\/p>\n<p style=\"text-align: justify;\">La v\u00edspera, la resistencia iraqu\u00ed atac\u00f3 con drones las fuerzas de Washington en la base de Qasrak en el campo de Hasakeh y la base de Ain al-Assad en el oeste de Irak.<\/p>\n<p style=\"text-align: justify;\">rr\/fm<\/p>\n","protected":false},"excerpt":{"rendered":"<p>Bagdad, 8 ene (SANA)\u00a0 La autodenominada Resistencia Isl\u00e1mica en Iraq atac\u00f3 con drones las tropas del ocupante estadounidenses en la base ilegal de Rmelan en el campo de la provincia siria de Hasakeh. \u201cEn continuaci\u00f3n de nuestro enfoque de resistir al ocupante y en respuesta a las masacres cometidas por Israel, nuestros combatientes atacaron con &hellip;<\/p>\n","protected":false},"author":31,"featured_media":319012,"comment_status":"closed","ping_status":"closed","sticky":false,"template":"","format":"standard","meta":{"footnotes":""},"categories":[597,573,7541],"tags":[],"class_list":["post-319011","post","type-post","status-publish","format-standard","has-post-thumbnail","","category-cinta-de-noticias","category-la-realidad-de-los-acontecimientos-en-siria","category-ultimas-noticias"],"_links":{"self":[{"href":"https:\/\/archive.sana.sy\/es\/index.php?rest_route=\/wp\/v2\/posts\/319011"}],"collection":[{"href":"https:\/\/archive.sana.sy\/es\/index.php?rest_route=\/wp\/v2\/posts"}],"about":[{"href":"https:\/\/archive.sana.sy\/es\/index.php?rest_route=\/wp\/v2\/types\/post"}],"author":[{"embeddable":true,"href":"https:\/\/archive.sana.sy\/es\/index.php?rest_route=\/wp\/v2\/users\/31"}],"replies":[{"embeddable":true,"href":"https:\/\/archive.sana.sy\/es\/index.php?rest_route=%2Fwp%2Fv2%2Fcomments&post=319011"}],"version-history":[{"count":1,"href":"https:\/\/archive.sana.sy\/es\/index.php?rest_route=\/wp\/v2\/posts\/319011\/revisions"}],"predecessor-version":[{"id":319013,"href":"https:\/\/archive.sana.sy\/es\/index.php?rest_route=\/wp\/v2\/posts\/319011\/revisions\/319013"}],"wp:featuredmedia":[{"embeddable":true,"href":"https:\/\/archive.sana.sy\/es\/index.php?rest_route=\/wp\/v2\/media\/319012"}],"wp:attachment":[{"href":"https:\/\/archive.sana.sy\/es\/index.php?rest_route=%2Fwp%2Fv2%2Fmedia&parent=319011"}],"wp:term":[{"taxonomy":"category","embeddable":true,"href":"https:\/\/archive.sana.sy\/es\/index.php?rest_route=%2Fwp%2Fv2%2Fcategories&post=319011"},{"taxonomy":"post_tag","embeddable":true,"href":"https:\/\/archive.sana.sy\/es\/index.php?rest_route=%2Fwp%2Fv2%2Ftags&post=319011"}],"curies":[{"name":"wp","href":"https:\/\/api.w.org\/{rel}","templated":true}]}}