{"id":319023,"date":"2024-01-09T06:34:40","date_gmt":"2024-01-09T03:34:40","guid":{"rendered":"https:\/\/sana.sy\/es\/?p=319023"},"modified":"2024-01-09T06:35:07","modified_gmt":"2024-01-09T03:35:07","slug":"ejercito-israeli-reconoce-9-nuevas-bajas-en-sus-filas-en-gaza-durante-el-ultimo-dia","status":"publish","type":"post","link":"https:\/\/archive.sana.sy\/es\/?p=319023","title":{"rendered":"Ej\u00e9rcito israel\u00ed reconoce 9 nuevas bajas en sus filas en Gaza durante el \u00faltimo d\u00eda"},"content":{"rendered":"<blockquote>\n<p style=\"text-align: justify;\"><span style=\"color: #993300;\">Los resistentes palestinos atacaron las fuerzas sionistas que se atrincheraban dentro de una escuela en la ciudad de Khan Yunis, al sur de la Franja de Gaza, y mataron a todos los militares ah\u00ed.<\/span><\/p>\n<\/blockquote>\n<p style=\"text-align: justify;\"><span style=\"color: #800000;\"><strong>Jerusal\u00e9n ocupada, 9 ene (SANA)<\/strong><\/span> El ej\u00e9rcito de ocupaci\u00f3n israel\u00ed reconoci\u00f3 que 9 de sus soldados murieron y otros resultaron heridos durante los enfrentamientos con la resistencia palestina en la Franja de Gaza, durante las \u00faltimas 24 horas.<\/p>\n<p style=\"text-align: justify;\">A su vez, la resistencia palestina choc\u00f3 con las fuerzas de ocupaci\u00f3n israel\u00edes y atac\u00f3 sus veh\u00edculos militares, adem\u00e1s de tender varias emboscadas a sus soldados en diferentes zonas de la Franja de Gaza.<\/p>\n<p style=\"text-align: justify;\"><img loading=\"lazy\" decoding=\"async\" class=\"size-medium wp-image-319026 alignleft\" src=\"http:\/\/sana.sy\/es\/wp-content\/uploads\/2024\/01\/\u0627\u0636\u0627\u0624\u0631-copy-660x330-1-300x150.jpg\" alt=\"\" width=\"300\" height=\"150\" srcset=\"https:\/\/archive.sana.sy\/es\/wp-content\/uploads\/2024\/01\/\u0627\u0636\u0627\u0624\u0631-copy-660x330-1-300x150.jpg 300w, https:\/\/archive.sana.sy\/es\/wp-content\/uploads\/2024\/01\/\u0627\u0636\u0627\u0624\u0631-copy-660x330-1-150x75.jpg 150w, https:\/\/archive.sana.sy\/es\/wp-content\/uploads\/2024\/01\/\u0627\u0636\u0627\u0624\u0631-copy-660x330-1.jpg 660w\" sizes=\"(max-width: 300px) 100vw, 300px\" \/>En un comunicado, la Resistencia inform\u00f3 que durante las \u00faltimas 24 horas, sus combatientes libraron feroces enfrentamientos con las fuerzas sionistas y emplearon ametralladoras y proyectiles para frustrar un intento de una fuerza sionista para liberar a un reh\u00e9n en el campo de Bureij, al norte de la Franja de Gaza.<\/p>\n<p style=\"text-align: justify;\">Asimismo, los resistentes palestinos atacaron las fuerzas sionistas que se atrincheraban dentro de una escuela en la ciudad de Khan Yunis, al sur de la Franja de Gaza, y mataron a todos los militares ah\u00ed.<\/p>\n<p style=\"text-align: justify;\">Tambi\u00e9n, destruyeron un tanque y un veh\u00edculo de transporte de tropas, y mataron a dos soldados.<\/p>\n<p style=\"text-align: justify;\">fm<\/p>\n","protected":false},"excerpt":{"rendered":"<p>Los resistentes palestinos atacaron las fuerzas sionistas que se atrincheraban dentro de una escuela en la ciudad de Khan Yunis, al sur de la Franja de Gaza, y mataron a todos los militares ah\u00ed. Jerusal\u00e9n ocupada, 9 ene (SANA) El ej\u00e9rcito de ocupaci\u00f3n israel\u00ed reconoci\u00f3 que 9 de sus soldados murieron y otros resultaron heridos &hellip;<\/p>\n","protected":false},"author":34,"featured_media":319024,"comment_status":"closed","ping_status":"closed","sticky":false,"template":"","format":"standard","meta":{"footnotes":""},"categories":[597,456,20724,583],"tags":[],"class_list":["post-319023","post","type-post","status-publish","format-standard","has-post-thumbnail","","category-cinta-de-noticias","category-arabe-internacional-politica","category-minuto-a-minuto","category-slide"],"_links":{"self":[{"href":"https:\/\/archive.sana.sy\/es\/index.php?rest_route=\/wp\/v2\/posts\/319023"}],"collection":[{"href":"https:\/\/archive.sana.sy\/es\/index.php?rest_route=\/wp\/v2\/posts"}],"about":[{"href":"https:\/\/archive.sana.sy\/es\/index.php?rest_route=\/wp\/v2\/types\/post"}],"author":[{"embeddable":true,"href":"https:\/\/archive.sana.sy\/es\/index.php?rest_route=\/wp\/v2\/users\/34"}],"replies":[{"embeddable":true,"href":"https:\/\/archive.sana.sy\/es\/index.php?rest_route=%2Fwp%2Fv2%2Fcomments&post=319023"}],"version-history":[{"count":2,"href":"https:\/\/archive.sana.sy\/es\/index.php?rest_route=\/wp\/v2\/posts\/319023\/revisions"}],"predecessor-version":[{"id":319027,"href":"https:\/\/archive.sana.sy\/es\/index.php?rest_route=\/wp\/v2\/posts\/319023\/revisions\/319027"}],"wp:featuredmedia":[{"embeddable":true,"href":"https:\/\/archive.sana.sy\/es\/index.php?rest_route=\/wp\/v2\/media\/319024"}],"wp:attachment":[{"href":"https:\/\/archive.sana.sy\/es\/index.php?rest_route=%2Fwp%2Fv2%2Fmedia&parent=319023"}],"wp:term":[{"taxonomy":"category","embeddable":true,"href":"https:\/\/archive.sana.sy\/es\/index.php?rest_route=%2Fwp%2Fv2%2Fcategories&post=319023"},{"taxonomy":"post_tag","embeddable":true,"href":"https:\/\/archive.sana.sy\/es\/index.php?rest_route=%2Fwp%2Fv2%2Ftags&post=319023"}],"curies":[{"name":"wp","href":"https:\/\/api.w.org\/{rel}","templated":true}]}}