{"id":319039,"date":"2024-01-09T11:38:14","date_gmt":"2024-01-09T08:38:14","guid":{"rendered":"https:\/\/sana.sy\/es\/?p=319039"},"modified":"2024-01-09T11:38:14","modified_gmt":"2024-01-09T08:38:14","slug":"wang-yi-china-seguira-trabajando-por-la-estabilidad-en-medio-oriente","status":"publish","type":"post","link":"https:\/\/archive.sana.sy\/es\/?p=319039","title":{"rendered":"Wang Yi: China seguir\u00e1 trabajando por la estabilidad en Medio Oriente"},"content":{"rendered":"<p style=\"text-align: justify;\"><span style=\"color: #800000;\"><strong>Beijing, 9 ene (SANA) <\/strong><\/span>El ministro de Asuntos Exteriores chino, Wang Yi, reiter\u00f3 que su pa\u00eds seguir\u00e1 trabajando por la seguridad y la estabilidad en el Oriente Medio.<\/p>\n<p style=\"text-align: justify;\">\u201cEl destino de Oriente Medio est\u00e1 una vez m\u00e1s en manos de los pueblos de los pa\u00edses de la regi\u00f3n, y la reconciliaci\u00f3n constituye una gran victoria para el di\u00e1logo y la paz\u201d afim\u00f3 el Canciller chino durante un simposio sobre la labor diplom\u00e1tica china para el a\u00f1o 2023.<\/p>\n<p style=\"text-align: justify;\">&#8220;China siempre ha sido un mediador activo y confiable, y nunca ha adoptado la fuerza militar, nunca ha perseguido intereses geopol\u00edticos, ni ha impuesto su posici\u00f3n a otros&#8221;, asegur\u00f3.<\/p>\n<p style=\"text-align: justify;\">Wang Yi agreg\u00f3 que su pa\u00eds siempre ha apoyado a los pueblos del Oriente Medio en la soluci\u00f3n de diferencias mediante el di\u00e1logo y seguir\u00e1 defendiendo la seguridad y la estabilidad en esta regi\u00f3n.<\/p>\n<p style=\"text-align: justify;\">as\/fm<\/p>\n","protected":false},"excerpt":{"rendered":"<p>Beijing, 9 ene (SANA) El ministro de Asuntos Exteriores chino, Wang Yi, reiter\u00f3 que su pa\u00eds seguir\u00e1 trabajando por la seguridad y la estabilidad en el Oriente Medio. \u201cEl destino de Oriente Medio est\u00e1 una vez m\u00e1s en manos de los pueblos de los pa\u00edses de la regi\u00f3n, y la reconciliaci\u00f3n constituye una gran victoria &hellip;<\/p>\n","protected":false},"author":42,"featured_media":319040,"comment_status":"closed","ping_status":"closed","sticky":false,"template":"","format":"standard","meta":{"footnotes":""},"categories":[597,456,16687,20724,7541],"tags":[],"class_list":["post-319039","post","type-post","status-publish","format-standard","has-post-thumbnail","","category-cinta-de-noticias","category-arabe-internacional-politica","category-internacionales","category-minuto-a-minuto","category-ultimas-noticias"],"_links":{"self":[{"href":"https:\/\/archive.sana.sy\/es\/index.php?rest_route=\/wp\/v2\/posts\/319039"}],"collection":[{"href":"https:\/\/archive.sana.sy\/es\/index.php?rest_route=\/wp\/v2\/posts"}],"about":[{"href":"https:\/\/archive.sana.sy\/es\/index.php?rest_route=\/wp\/v2\/types\/post"}],"author":[{"embeddable":true,"href":"https:\/\/archive.sana.sy\/es\/index.php?rest_route=\/wp\/v2\/users\/42"}],"replies":[{"embeddable":true,"href":"https:\/\/archive.sana.sy\/es\/index.php?rest_route=%2Fwp%2Fv2%2Fcomments&post=319039"}],"version-history":[{"count":1,"href":"https:\/\/archive.sana.sy\/es\/index.php?rest_route=\/wp\/v2\/posts\/319039\/revisions"}],"predecessor-version":[{"id":319041,"href":"https:\/\/archive.sana.sy\/es\/index.php?rest_route=\/wp\/v2\/posts\/319039\/revisions\/319041"}],"wp:featuredmedia":[{"embeddable":true,"href":"https:\/\/archive.sana.sy\/es\/index.php?rest_route=\/wp\/v2\/media\/319040"}],"wp:attachment":[{"href":"https:\/\/archive.sana.sy\/es\/index.php?rest_route=%2Fwp%2Fv2%2Fmedia&parent=319039"}],"wp:term":[{"taxonomy":"category","embeddable":true,"href":"https:\/\/archive.sana.sy\/es\/index.php?rest_route=%2Fwp%2Fv2%2Fcategories&post=319039"},{"taxonomy":"post_tag","embeddable":true,"href":"https:\/\/archive.sana.sy\/es\/index.php?rest_route=%2Fwp%2Fv2%2Ftags&post=319039"}],"curies":[{"name":"wp","href":"https:\/\/api.w.org\/{rel}","templated":true}]}}