{"id":319066,"date":"2024-01-09T13:31:42","date_gmt":"2024-01-09T10:31:42","guid":{"rendered":"https:\/\/sana.sy\/es\/?p=319066"},"modified":"2024-01-09T20:16:00","modified_gmt":"2024-01-09T17:16:00","slug":"kiev-perdio-a-215-mil-militares-en-2023-y-persiste-en-masacrar-a-soldados-a-instancias-de-sus-tutores-occidentales-afirma-shoigu","status":"publish","type":"post","link":"https:\/\/archive.sana.sy\/es\/?p=319066","title":{"rendered":"Kiev perdi\u00f3 a 215 mil militares en 2023, afirma Shoig\u00fa"},"content":{"rendered":"<p style=\"text-align: justify\"><span style=\"color: #800000\"><strong>Mosc\u00fa, 9 ene (SANA)<\/strong> <\/span>El ministro de Defensa de Rusia, Sergu\u00e9i Shoig\u00fa, confirm\u00f3 hoy que las p\u00e9rdidas de las Fuerzas Armadas ucranianas superaron las 215.000 personas y las 28.000 unidades de armas, durante el a\u00f1o pasado<\/p>\n<p style=\"text-align: justify\">En una reuni\u00f3n de la c\u00fapula militar rusa, el titular asegur\u00f3 que los militares rusos mantienen la iniciativa estrat\u00e9gica a lo largo de toda la l\u00ednea del frente y est\u00e1n reduciendo el potencial de combate de tropas ucranianas.<\/p>\n<p style=\"text-align: justify\">&#8220;Kiev sigue masacrando a soldados a instancias de sus tutores occidentales, pero esto no cambiar\u00e1 la situaci\u00f3n y solo prolongar\u00e1 el conflicto militar&#8221;, asegur\u00f3 Shoig\u00fa citado por TASS.<\/p>\n<p style=\"text-align: justify\">Asimismo, asegur\u00f3 que EEUU busca hacer realidad sus ambiciones hegem\u00f3nicas a costa de la vida de los ucranianos.<\/p>\n<p style=\"text-align: justify\">&#8220;A pesar del agotamiento de los recursos humanos de las formaciones ucranianas y de la falta de resultados en el campo de batalla, EEUU intenta a sangre fr\u00eda hacer realidad sus ambiciones de liderazgo mundial a costa de las vidas de los ucranianos&#8221;, indic\u00f3 el ministro de Defensa de Rusia.<\/p>\n<p style=\"text-align: justify\">En palabras del ministro, &#8220;a instancias de sus manipuladores occidentales, el r\u00e9gimen de Kiev sigue masacrando a sus soldados&#8221;, pero eso s\u00f3lo prolongar\u00e1 el conflicto militar, enfatiz\u00f3.<\/p>\n<p style=\"text-align: justify\">fm\/as<\/p>\n","protected":false},"excerpt":{"rendered":"<p>Mosc\u00fa, 9 ene (SANA) El ministro de Defensa de Rusia, Sergu\u00e9i Shoig\u00fa, confirm\u00f3 hoy que las p\u00e9rdidas de las Fuerzas Armadas ucranianas superaron las 215.000 personas y las 28.000 unidades de armas, durante el a\u00f1o pasado En una reuni\u00f3n de la c\u00fapula militar rusa, el titular asegur\u00f3 que los militares rusos mantienen la iniciativa estrat\u00e9gica &hellip;<\/p>\n","protected":false},"author":42,"featured_media":319067,"comment_status":"closed","ping_status":"closed","sticky":false,"template":"","format":"standard","meta":{"footnotes":""},"categories":[597,456,16687,20724,7541],"tags":[],"class_list":["post-319066","post","type-post","status-publish","format-standard","has-post-thumbnail","","category-cinta-de-noticias","category-arabe-internacional-politica","category-internacionales","category-minuto-a-minuto","category-ultimas-noticias"],"_links":{"self":[{"href":"https:\/\/archive.sana.sy\/es\/index.php?rest_route=\/wp\/v2\/posts\/319066"}],"collection":[{"href":"https:\/\/archive.sana.sy\/es\/index.php?rest_route=\/wp\/v2\/posts"}],"about":[{"href":"https:\/\/archive.sana.sy\/es\/index.php?rest_route=\/wp\/v2\/types\/post"}],"author":[{"embeddable":true,"href":"https:\/\/archive.sana.sy\/es\/index.php?rest_route=\/wp\/v2\/users\/42"}],"replies":[{"embeddable":true,"href":"https:\/\/archive.sana.sy\/es\/index.php?rest_route=%2Fwp%2Fv2%2Fcomments&post=319066"}],"version-history":[{"count":2,"href":"https:\/\/archive.sana.sy\/es\/index.php?rest_route=\/wp\/v2\/posts\/319066\/revisions"}],"predecessor-version":[{"id":319111,"href":"https:\/\/archive.sana.sy\/es\/index.php?rest_route=\/wp\/v2\/posts\/319066\/revisions\/319111"}],"wp:featuredmedia":[{"embeddable":true,"href":"https:\/\/archive.sana.sy\/es\/index.php?rest_route=\/wp\/v2\/media\/319067"}],"wp:attachment":[{"href":"https:\/\/archive.sana.sy\/es\/index.php?rest_route=%2Fwp%2Fv2%2Fmedia&parent=319066"}],"wp:term":[{"taxonomy":"category","embeddable":true,"href":"https:\/\/archive.sana.sy\/es\/index.php?rest_route=%2Fwp%2Fv2%2Fcategories&post=319066"},{"taxonomy":"post_tag","embeddable":true,"href":"https:\/\/archive.sana.sy\/es\/index.php?rest_route=%2Fwp%2Fv2%2Ftags&post=319066"}],"curies":[{"name":"wp","href":"https:\/\/api.w.org\/{rel}","templated":true}]}}