{"id":319133,"date":"2024-01-10T12:11:22","date_gmt":"2024-01-10T09:11:22","guid":{"rendered":"https:\/\/sana.sy\/es\/?p=319133"},"modified":"2024-01-10T12:11:37","modified_gmt":"2024-01-10T09:11:37","slug":"israel-asesina-a-una-periodista-y-su-hija-en-gaza","status":"publish","type":"post","link":"https:\/\/archive.sana.sy\/es\/?p=319133","title":{"rendered":"&#8220;Israel&#8221; asesina a una periodista y su hija en Gaza"},"content":{"rendered":"<blockquote>\n<p style=\"text-align: justify;\"><span style=\"color: #800000;\">&#8220;Israel ataca deliberadamente a los profesionales de los medios de comunicaci\u00f3n y entidades de prensa en un intento de acallar la verdad sobre los cr\u00edmenes cometidos contra los palestinos&#8221;<\/span><\/p>\n<\/blockquote>\n<p style=\"text-align: justify;\"><span style=\"color: #800000;\"><strong>Jerusal\u00e9n ocupada, 10 ene (SANA)<\/strong> <\/span>La periodista palestina Hiba Abadleh y su hija perdieron la vida en un bombardeo a\u00e9reo israel\u00ed contra su casa en la ciudad de Khan Yunis, al sur de Gaza.<\/p>\n<p style=\"text-align: justify;\">El Centro de Prensa Palestino anunci\u00f3 que las nuevas v\u00edctimas de &#8220;Israel&#8221; murieron en un ataque deliberado contra su vivienda.<\/p>\n<p style=\"text-align: justify;\">El n\u00famero de periodistas asesinados por las fuerzas sionistas ascendi\u00f3 a 111 desde el inicio de la actual agresi\u00f3n israel\u00ed contra el enclave palestino.<\/p>\n<p style=\"text-align: justify;\">Israel ataca deliberadamente a los profesionales de los medios de comunicaci\u00f3n y entidades de prensa en un intento de acallar la verdad sobre los cr\u00edmenes cometidos contra los palestinos.<\/p>\n<p><strong>ws\/fm<\/strong><\/p>\n","protected":false},"excerpt":{"rendered":"<p>&#8220;Israel ataca deliberadamente a los profesionales de los medios de comunicaci\u00f3n y entidades de prensa en un intento de acallar la verdad sobre los cr\u00edmenes cometidos contra los palestinos&#8221; Jerusal\u00e9n ocupada, 10 ene (SANA) La periodista palestina Hiba Abadleh y su hija perdieron la vida en un bombardeo a\u00e9reo israel\u00ed contra su casa en la &hellip;<\/p>\n","protected":false},"author":35,"featured_media":319134,"comment_status":"closed","ping_status":"closed","sticky":false,"template":"","format":"standard","meta":{"footnotes":""},"categories":[597,456,16687,20724,7541],"tags":[],"class_list":["post-319133","post","type-post","status-publish","format-standard","has-post-thumbnail","","category-cinta-de-noticias","category-arabe-internacional-politica","category-internacionales","category-minuto-a-minuto","category-ultimas-noticias"],"_links":{"self":[{"href":"https:\/\/archive.sana.sy\/es\/index.php?rest_route=\/wp\/v2\/posts\/319133"}],"collection":[{"href":"https:\/\/archive.sana.sy\/es\/index.php?rest_route=\/wp\/v2\/posts"}],"about":[{"href":"https:\/\/archive.sana.sy\/es\/index.php?rest_route=\/wp\/v2\/types\/post"}],"author":[{"embeddable":true,"href":"https:\/\/archive.sana.sy\/es\/index.php?rest_route=\/wp\/v2\/users\/35"}],"replies":[{"embeddable":true,"href":"https:\/\/archive.sana.sy\/es\/index.php?rest_route=%2Fwp%2Fv2%2Fcomments&post=319133"}],"version-history":[{"count":2,"href":"https:\/\/archive.sana.sy\/es\/index.php?rest_route=\/wp\/v2\/posts\/319133\/revisions"}],"predecessor-version":[{"id":319136,"href":"https:\/\/archive.sana.sy\/es\/index.php?rest_route=\/wp\/v2\/posts\/319133\/revisions\/319136"}],"wp:featuredmedia":[{"embeddable":true,"href":"https:\/\/archive.sana.sy\/es\/index.php?rest_route=\/wp\/v2\/media\/319134"}],"wp:attachment":[{"href":"https:\/\/archive.sana.sy\/es\/index.php?rest_route=%2Fwp%2Fv2%2Fmedia&parent=319133"}],"wp:term":[{"taxonomy":"category","embeddable":true,"href":"https:\/\/archive.sana.sy\/es\/index.php?rest_route=%2Fwp%2Fv2%2Fcategories&post=319133"},{"taxonomy":"post_tag","embeddable":true,"href":"https:\/\/archive.sana.sy\/es\/index.php?rest_route=%2Fwp%2Fv2%2Ftags&post=319133"}],"curies":[{"name":"wp","href":"https:\/\/api.w.org\/{rel}","templated":true}]}}