{"id":319137,"date":"2024-01-10T12:32:04","date_gmt":"2024-01-10T09:32:04","guid":{"rendered":"https:\/\/sana.sy\/es\/?p=319137"},"modified":"2024-01-10T12:35:41","modified_gmt":"2024-01-10T09:35:41","slug":"ejercito-israeli-reconoce-la-muerte-de-uno-de-sus-oficiales-en-gaza","status":"publish","type":"post","link":"https:\/\/archive.sana.sy\/es\/?p=319137","title":{"rendered":"Ej\u00e9rcito israel\u00ed reconoce la muerte de uno de sus oficiales en Gaza"},"content":{"rendered":"<p style=\"text-align: justify;\"><span style=\"color: #800000;\"><strong>Jerusal\u00e9n ocupada, 10 ene (SANA)<\/strong><\/span> El ej\u00e9rcito de ocupaci\u00f3n israel\u00ed anunci\u00f3 la muerte de uno de sus oficiales, mientras un soldado result\u00f3 herido, durante los enfrentamientos con la resistencia palestina, en el centro de la Franja de Gaza.<\/p>\n<p style=\"text-align: justify;\">La v\u00edspera, las tropas sionistas reconocieron que 11 de sus oficiales y soldados murieron en un d\u00eda debido a ataques separados de la resistencia palestina en la Franja de Gaza.<\/p>\n<p style=\"text-align: justify;\">Con esta nueva baja, la cifra p\u00fablica de militares del ej\u00e9rcito de ocupaci\u00f3n muertos desde el inicio de los combates terrestres aument\u00f3 a 520, incluidos 181 soldados muertos, desde el inicio de los combates en la Franja de Gaza.<\/p>\n<p style=\"text-align: justify;\">as\/fm<\/p>\n","protected":false},"excerpt":{"rendered":"<p>Jerusal\u00e9n ocupada, 10 ene (SANA) El ej\u00e9rcito de ocupaci\u00f3n israel\u00ed anunci\u00f3 la muerte de uno de sus oficiales, mientras un soldado result\u00f3 herido, durante los enfrentamientos con la resistencia palestina, en el centro de la Franja de Gaza. La v\u00edspera, las tropas sionistas reconocieron que 11 de sus oficiales y soldados murieron en un d\u00eda &hellip;<\/p>\n","protected":false},"author":42,"featured_media":319140,"comment_status":"closed","ping_status":"closed","sticky":false,"template":"","format":"standard","meta":{"footnotes":""},"categories":[597,456,16687,20724,7541],"tags":[],"class_list":["post-319137","post","type-post","status-publish","format-standard","has-post-thumbnail","","category-cinta-de-noticias","category-arabe-internacional-politica","category-internacionales","category-minuto-a-minuto","category-ultimas-noticias"],"_links":{"self":[{"href":"https:\/\/archive.sana.sy\/es\/index.php?rest_route=\/wp\/v2\/posts\/319137"}],"collection":[{"href":"https:\/\/archive.sana.sy\/es\/index.php?rest_route=\/wp\/v2\/posts"}],"about":[{"href":"https:\/\/archive.sana.sy\/es\/index.php?rest_route=\/wp\/v2\/types\/post"}],"author":[{"embeddable":true,"href":"https:\/\/archive.sana.sy\/es\/index.php?rest_route=\/wp\/v2\/users\/42"}],"replies":[{"embeddable":true,"href":"https:\/\/archive.sana.sy\/es\/index.php?rest_route=%2Fwp%2Fv2%2Fcomments&post=319137"}],"version-history":[{"count":1,"href":"https:\/\/archive.sana.sy\/es\/index.php?rest_route=\/wp\/v2\/posts\/319137\/revisions"}],"predecessor-version":[{"id":319139,"href":"https:\/\/archive.sana.sy\/es\/index.php?rest_route=\/wp\/v2\/posts\/319137\/revisions\/319139"}],"wp:featuredmedia":[{"embeddable":true,"href":"https:\/\/archive.sana.sy\/es\/index.php?rest_route=\/wp\/v2\/media\/319140"}],"wp:attachment":[{"href":"https:\/\/archive.sana.sy\/es\/index.php?rest_route=%2Fwp%2Fv2%2Fmedia&parent=319137"}],"wp:term":[{"taxonomy":"category","embeddable":true,"href":"https:\/\/archive.sana.sy\/es\/index.php?rest_route=%2Fwp%2Fv2%2Fcategories&post=319137"},{"taxonomy":"post_tag","embeddable":true,"href":"https:\/\/archive.sana.sy\/es\/index.php?rest_route=%2Fwp%2Fv2%2Ftags&post=319137"}],"curies":[{"name":"wp","href":"https:\/\/api.w.org\/{rel}","templated":true}]}}