{"id":319142,"date":"2024-01-10T12:41:51","date_gmt":"2024-01-10T09:41:51","guid":{"rendered":"http:\/\/sana.sy\/es\/?p=319142"},"modified":"2024-01-10T12:41:51","modified_gmt":"2024-01-10T09:41:51","slug":"presidente-cubano-condena-complicidad-de-estados-unidos-en-el-genocidio-cometido-por-israel-contra-el-pueblo-palestino","status":"publish","type":"post","link":"https:\/\/archive.sana.sy\/es\/?p=319142","title":{"rendered":"Presidente cubano condena complicidad de Estados Unidos en el genocidio cometido por \u201cIsrael\u201d contra el pueblo palestino"},"content":{"rendered":"<p style=\"text-align: justify;\"><span style=\"color: #800000;\"><strong>La Habana, 10 ene (SANA)<\/strong><\/span> El presidente cubano, Miguel D\u00edaz-Canel, afirm\u00f3 hoy que su pa\u00eds pidi\u00f3 en la Asamblea General de ONU acelerar los esfuerzos de la comunidad internacional para detener las masacres cometidas por el ocupante israel\u00ed contra los palestinos en la Franja de Gaza.<\/p>\n<p style=\"text-align: justify;\">&#8220;La isla condena el uso reiterado del veto por parte de Estados Unidos en Consejo de Seguridad para impedir el fin del genocidio del gobierno sionista de &#8220;Israel&#8221; contra los palestinos&#8221;, afirm\u00f3 el mandatario en su p\u00e1gina en X.<\/p>\n<p style=\"text-align: justify;\">A su vez, el canciller Bruno Rodr\u00edguez Parilla conden\u00f3 las masacres perpetradas por el ocupante en complicidad con Washington, contra el pueblo palestino.<\/p>\n<p style=\"text-align: justify;\">El viceministro primero de Relaciones Exteriores, Gerardo Pe\u00f1alver, hab\u00eda considerado prioritario el cese al fuego para detener el genocidio contra los palestinos, y asever\u00f3 que nada justifica el castigo colectivo al que hoy se somete al pueblo palestino, en flagrante violaci\u00f3n del Derecho Internacional Humanitario.<\/p>\n<p style=\"text-align: justify;\">La agresi\u00f3n israel\u00ed, iniciada el pasado 7 de octubre, ocasion\u00f3 hasta el momento la muerte de alrededor de 23 mil palestinos, el desplazamiento del 85 por ciento de la poblaci\u00f3n y una grave crisis humanitaria, mientras la comunidad internacional enfrenta fuertes obst\u00e1culos para bridar ayuda humanitaria.<\/p>\n<p>lo\/fm<\/p>\n","protected":false},"excerpt":{"rendered":"<p>La Habana, 10 ene (SANA) El presidente cubano, Miguel D\u00edaz-Canel, afirm\u00f3 hoy que su pa\u00eds pidi\u00f3 en la Asamblea General de ONU acelerar los esfuerzos de la comunidad internacional para detener las masacres cometidas por el ocupante israel\u00ed contra los palestinos en la Franja de Gaza. &#8220;La isla condena el uso reiterado del veto por &hellip;<\/p>\n","protected":false},"author":42,"featured_media":319143,"comment_status":"closed","ping_status":"closed","sticky":false,"template":"","format":"standard","meta":{"footnotes":""},"categories":[597,456,16687,20724,7541],"tags":[],"class_list":["post-319142","post","type-post","status-publish","format-standard","has-post-thumbnail","","category-cinta-de-noticias","category-arabe-internacional-politica","category-internacionales","category-minuto-a-minuto","category-ultimas-noticias"],"_links":{"self":[{"href":"https:\/\/archive.sana.sy\/es\/index.php?rest_route=\/wp\/v2\/posts\/319142"}],"collection":[{"href":"https:\/\/archive.sana.sy\/es\/index.php?rest_route=\/wp\/v2\/posts"}],"about":[{"href":"https:\/\/archive.sana.sy\/es\/index.php?rest_route=\/wp\/v2\/types\/post"}],"author":[{"embeddable":true,"href":"https:\/\/archive.sana.sy\/es\/index.php?rest_route=\/wp\/v2\/users\/42"}],"replies":[{"embeddable":true,"href":"https:\/\/archive.sana.sy\/es\/index.php?rest_route=%2Fwp%2Fv2%2Fcomments&post=319142"}],"version-history":[{"count":1,"href":"https:\/\/archive.sana.sy\/es\/index.php?rest_route=\/wp\/v2\/posts\/319142\/revisions"}],"predecessor-version":[{"id":319144,"href":"https:\/\/archive.sana.sy\/es\/index.php?rest_route=\/wp\/v2\/posts\/319142\/revisions\/319144"}],"wp:featuredmedia":[{"embeddable":true,"href":"https:\/\/archive.sana.sy\/es\/index.php?rest_route=\/wp\/v2\/media\/319143"}],"wp:attachment":[{"href":"https:\/\/archive.sana.sy\/es\/index.php?rest_route=%2Fwp%2Fv2%2Fmedia&parent=319142"}],"wp:term":[{"taxonomy":"category","embeddable":true,"href":"https:\/\/archive.sana.sy\/es\/index.php?rest_route=%2Fwp%2Fv2%2Fcategories&post=319142"},{"taxonomy":"post_tag","embeddable":true,"href":"https:\/\/archive.sana.sy\/es\/index.php?rest_route=%2Fwp%2Fv2%2Ftags&post=319142"}],"curies":[{"name":"wp","href":"https:\/\/api.w.org\/{rel}","templated":true}]}}