{"id":319161,"date":"2024-01-10T14:15:24","date_gmt":"2024-01-10T11:15:24","guid":{"rendered":"https:\/\/sana.sy\/es\/?p=319161"},"modified":"2024-01-10T14:15:24","modified_gmt":"2024-01-10T11:15:24","slug":"ejercito-sirio-frustro-ataque-terroristas-con-7-drones","status":"publish","type":"post","link":"https:\/\/archive.sana.sy\/es\/?p=319161","title":{"rendered":"Ej\u00e9rcito sirio frustr\u00f3 ataque terroristas con 7 drones"},"content":{"rendered":"<p style=\"text-align: justify;\"><span style=\"color: #800000;\"><strong>Damasco, 10 ene (SANA) <\/strong><\/span>Unidades de las Fuerzas Armadas de Siria derribaron siete drones de los grupos terroristas, en las provincias de Alepo e Idlib en el norte y noroeste del pa\u00eds.<\/p>\n<p style=\"text-align: justify;\">El Ministerio de Defensa inform\u00f3 por medio de un comunicado, que, con el derribo de estos drones, se frustr\u00f3 un ataque de los radicales contra comunidades civiles y puntos militares.<\/p>\n<p style=\"text-align: justify;\">El d\u00eda tres de este mes, nueve veh\u00edculos a\u00e9reos no tripulados de los grupos radicales fueron derribados por unidades de las Fuerzas Armadas sirias antes de llegar a sus blancos en las provincias de Alepo, Idlib y Hama.<\/p>\n<p style=\"text-align: justify;\">Asimismo, el 26 de diciembre del \u00faltimo a\u00f1o, los destacamentos del Ej\u00e9rcito derribaron ocho drones terroristas, mientras el d\u00eda 24 del mismo mes fueron derribados siete drones, en las provincias de Alepo y Hama, con que los radicales pretend\u00edan atacar a posiciones militares y comunidades civiles.<\/p>\n<p style=\"text-align: justify;\">as\/fm<\/p>\n<div id='gallery-1' class='gallery galleryid-319161 gallery-columns-1 gallery-size-full'><figure class='gallery-item'>\n\t\t\t<div class='gallery-icon landscape'>\n\t\t\t\t<a href='https:\/\/archive.sana.sy\/es\/wp-content\/uploads\/2024\/01\/photo_2024-01-10_14-13-51.jpg'><img loading=\"lazy\" decoding=\"async\" width=\"942\" height=\"570\" src=\"https:\/\/archive.sana.sy\/es\/wp-content\/uploads\/2024\/01\/photo_2024-01-10_14-13-51.jpg\" class=\"attachment-full size-full\" alt=\"\" srcset=\"https:\/\/archive.sana.sy\/es\/wp-content\/uploads\/2024\/01\/photo_2024-01-10_14-13-51.jpg 942w, https:\/\/archive.sana.sy\/es\/wp-content\/uploads\/2024\/01\/photo_2024-01-10_14-13-51-300x182.jpg 300w, https:\/\/archive.sana.sy\/es\/wp-content\/uploads\/2024\/01\/photo_2024-01-10_14-13-51-150x91.jpg 150w, https:\/\/archive.sana.sy\/es\/wp-content\/uploads\/2024\/01\/photo_2024-01-10_14-13-51-768x465.jpg 768w\" sizes=\"(max-width: 942px) 100vw, 942px\" \/><\/a>\n\t\t\t<\/div><\/figure><figure class='gallery-item'>\n\t\t\t<div class='gallery-icon landscape'>\n\t\t\t\t<a href='https:\/\/archive.sana.sy\/es\/wp-content\/uploads\/2024\/01\/photo_2024-01-10_13-59-18-2.jpg'><img loading=\"lazy\" decoding=\"async\" width=\"780\" height=\"686\" src=\"https:\/\/archive.sana.sy\/es\/wp-content\/uploads\/2024\/01\/photo_2024-01-10_13-59-18-2.jpg\" class=\"attachment-full size-full\" alt=\"\" srcset=\"https:\/\/archive.sana.sy\/es\/wp-content\/uploads\/2024\/01\/photo_2024-01-10_13-59-18-2.jpg 780w, https:\/\/archive.sana.sy\/es\/wp-content\/uploads\/2024\/01\/photo_2024-01-10_13-59-18-2-300x264.jpg 300w, https:\/\/archive.sana.sy\/es\/wp-content\/uploads\/2024\/01\/photo_2024-01-10_13-59-18-2-150x132.jpg 150w, https:\/\/archive.sana.sy\/es\/wp-content\/uploads\/2024\/01\/photo_2024-01-10_13-59-18-2-768x675.jpg 768w\" sizes=\"(max-width: 780px) 100vw, 780px\" \/><\/a>\n\t\t\t<\/div><\/figure><figure class='gallery-item'>\n\t\t\t<div class='gallery-icon landscape'>\n\t\t\t\t<a href='https:\/\/archive.sana.sy\/es\/wp-content\/uploads\/2024\/01\/photo_2024-01-10_13-59-18.jpg'><img loading=\"lazy\" decoding=\"async\" width=\"903\" height=\"819\" src=\"https:\/\/archive.sana.sy\/es\/wp-content\/uploads\/2024\/01\/photo_2024-01-10_13-59-18.jpg\" class=\"attachment-full size-full\" alt=\"\" srcset=\"https:\/\/archive.sana.sy\/es\/wp-content\/uploads\/2024\/01\/photo_2024-01-10_13-59-18.jpg 903w, https:\/\/archive.sana.sy\/es\/wp-content\/uploads\/2024\/01\/photo_2024-01-10_13-59-18-300x272.jpg 300w, https:\/\/archive.sana.sy\/es\/wp-content\/uploads\/2024\/01\/photo_2024-01-10_13-59-18-150x136.jpg 150w, https:\/\/archive.sana.sy\/es\/wp-content\/uploads\/2024\/01\/photo_2024-01-10_13-59-18-768x697.jpg 768w\" sizes=\"(max-width: 903px) 100vw, 903px\" \/><\/a>\n\t\t\t<\/div><\/figure>\n\t\t<\/div>\n\n","protected":false},"excerpt":{"rendered":"<p>Damasco, 10 ene (SANA) Unidades de las Fuerzas Armadas de Siria derribaron siete drones de los grupos terroristas, en las provincias de Alepo e Idlib en el norte y noroeste del pa\u00eds. El Ministerio de Defensa inform\u00f3 por medio de un comunicado, que, con el derribo de estos drones, se frustr\u00f3 un ataque de los &hellip;<\/p>\n","protected":false},"author":42,"featured_media":319165,"comment_status":"closed","ping_status":"closed","sticky":false,"template":"","format":"standard","meta":{"footnotes":""},"categories":[597,20724,476,16688,583],"tags":[],"class_list":["post-319161","post","type-post","status-publish","format-standard","has-post-thumbnail","","category-cinta-de-noticias","category-minuto-a-minuto","category-locales","category-nacionales","category-slide"],"_links":{"self":[{"href":"https:\/\/archive.sana.sy\/es\/index.php?rest_route=\/wp\/v2\/posts\/319161"}],"collection":[{"href":"https:\/\/archive.sana.sy\/es\/index.php?rest_route=\/wp\/v2\/posts"}],"about":[{"href":"https:\/\/archive.sana.sy\/es\/index.php?rest_route=\/wp\/v2\/types\/post"}],"author":[{"embeddable":true,"href":"https:\/\/archive.sana.sy\/es\/index.php?rest_route=\/wp\/v2\/users\/42"}],"replies":[{"embeddable":true,"href":"https:\/\/archive.sana.sy\/es\/index.php?rest_route=%2Fwp%2Fv2%2Fcomments&post=319161"}],"version-history":[{"count":1,"href":"https:\/\/archive.sana.sy\/es\/index.php?rest_route=\/wp\/v2\/posts\/319161\/revisions"}],"predecessor-version":[{"id":319166,"href":"https:\/\/archive.sana.sy\/es\/index.php?rest_route=\/wp\/v2\/posts\/319161\/revisions\/319166"}],"wp:featuredmedia":[{"embeddable":true,"href":"https:\/\/archive.sana.sy\/es\/index.php?rest_route=\/wp\/v2\/media\/319165"}],"wp:attachment":[{"href":"https:\/\/archive.sana.sy\/es\/index.php?rest_route=%2Fwp%2Fv2%2Fmedia&parent=319161"}],"wp:term":[{"taxonomy":"category","embeddable":true,"href":"https:\/\/archive.sana.sy\/es\/index.php?rest_route=%2Fwp%2Fv2%2Fcategories&post=319161"},{"taxonomy":"post_tag","embeddable":true,"href":"https:\/\/archive.sana.sy\/es\/index.php?rest_route=%2Fwp%2Fv2%2Ftags&post=319161"}],"curies":[{"name":"wp","href":"https:\/\/api.w.org\/{rel}","templated":true}]}}