{"id":319204,"date":"2024-01-10T17:46:42","date_gmt":"2024-01-10T14:46:42","guid":{"rendered":"https:\/\/sana.sy\/es\/?p=319204"},"modified":"2024-01-10T18:37:27","modified_gmt":"2024-01-10T15:37:27","slug":"comision-de-palestina-de-la-oci-exige-llevar-ante-la-justicia-internacional-a-los-autores-de-los-genocidios-contra-poblacion-de-gaza","status":"publish","type":"post","link":"https:\/\/archive.sana.sy\/es\/?p=319204","title":{"rendered":"Comisi\u00f3n de Palestina de la OCI exige llevar ante la justicia internacional a los autores de los genocidios contra poblaci\u00f3n de Gaza"},"content":{"rendered":"<p style=\"text-align: justify\"><span style=\"color: #800000\"><strong>Teher\u00e1n, 10 ene (SANA)<\/strong> <\/span>La declaraci\u00f3n final de la cumbre extraordinaria de la Comisi\u00f3n de Palestina de la Organizaci\u00f3n de Cooperaci\u00f3n Isl\u00e1mica (OCI) exigi\u00f3 que los funcionarios de la entidad ocupante de \u201cIsrael\u201d rindan cuenta por los genocidios que cometen contra el pueblo palestino.<\/p>\n<p style=\"text-align: justify\">Dirigi\u00f3 un llamado a las instituciones internacionales y de derechos humanos a tomar las medidas necesarias para castigar a la entidad sionista y obligarla a proporcionar la indemnizaci\u00f3n financiera a las v\u00edctimas, adem\u00e1s de asignar expertos en el campo jur\u00eddico para preparar documentos sobre los cr\u00edmenes israel\u00edes, con el objetivo de denunciar a las autoridades ocupantes en los tribunales internacionales.<\/p>\n<p style=\"text-align: justify\">Exigi\u00f3 condenar la participaci\u00f3n estadounidense en la agresi\u00f3n, ya sea mediante el suministro de armamento sofisticado a la entidad israel\u00ed o el apoyo que la brinda en los foros internacionales.<\/p>\n<p style=\"text-align: justify\">Inst\u00f3 a la comunidad internacional asumir sus plenas responsabilidades para condenar y poner fin a los cr\u00edmenes de guerra, de lesa humanidad y los genocidios llevados a cabo por \u201cIsrael\u201d en Gaza, incluido el desplazamiento forzado y el desplazamiento interno del pueblo palestino.<\/p>\n<p style=\"text-align: justify\">La declaraci\u00f3n asever\u00f3 que la Cuesti\u00f3n Palestina \u201cseguir\u00e1 siendo la cuesti\u00f3n central de la naci\u00f3n isl\u00e1mica, y Jerusal\u00e9n es la capital eterna del Estado palestino, y le corresponde solo al pueblo palestino decidir su destino\u201d .<\/p>\n<p style=\"text-align: justify\">Reiter\u00f3 el pleno apoyo al derecho leg\u00edtimo del pueblo palestino a luchar contra el ocupante israel\u00ed, as\u00ed como reivindic\u00f3 &#8220;un cese inmediato de las hostilidades en Gaza y en todos los territorios palestinos, y de todas las operaciones militares, la retirada del ej\u00e9rcito de la entidad israel\u00ed y el fin de la guerra de agresi\u00f3n\u201d.<\/p>\n<p style=\"text-align: justify\">Llam\u00f3 a una mejor coordinaci\u00f3n de esfuerzos entre los pa\u00edses de la OCI para garantizar el ingreso de la ayuda humanitaria necesaria a la poblaci\u00f3n palestina de Gaza.<\/p>\n<p style=\"text-align: justify\">la<\/p>\n","protected":false},"excerpt":{"rendered":"<p>Teher\u00e1n, 10 ene (SANA) La declaraci\u00f3n final de la cumbre extraordinaria de la Comisi\u00f3n de Palestina de la Organizaci\u00f3n de Cooperaci\u00f3n Isl\u00e1mica (OCI) exigi\u00f3 que los funcionarios de la entidad ocupante de \u201cIsrael\u201d rindan cuenta por los genocidios que cometen contra el pueblo palestino. Dirigi\u00f3 un llamado a las instituciones internacionales y de derechos humanos &hellip;<\/p>\n","protected":false},"author":24,"featured_media":319205,"comment_status":"closed","ping_status":"closed","sticky":false,"template":"","format":"standard","meta":{"footnotes":""},"categories":[597,456,16687,20724,583],"tags":[20697,12002,22464],"class_list":["post-319204","post","type-post","status-publish","format-standard","has-post-thumbnail","","category-cinta-de-noticias","category-arabe-internacional-politica","category-internacionales","category-minuto-a-minuto","category-slide","tag-agresion-israeli","tag-gaza","tag-oci"],"_links":{"self":[{"href":"https:\/\/archive.sana.sy\/es\/index.php?rest_route=\/wp\/v2\/posts\/319204"}],"collection":[{"href":"https:\/\/archive.sana.sy\/es\/index.php?rest_route=\/wp\/v2\/posts"}],"about":[{"href":"https:\/\/archive.sana.sy\/es\/index.php?rest_route=\/wp\/v2\/types\/post"}],"author":[{"embeddable":true,"href":"https:\/\/archive.sana.sy\/es\/index.php?rest_route=\/wp\/v2\/users\/24"}],"replies":[{"embeddable":true,"href":"https:\/\/archive.sana.sy\/es\/index.php?rest_route=%2Fwp%2Fv2%2Fcomments&post=319204"}],"version-history":[{"count":2,"href":"https:\/\/archive.sana.sy\/es\/index.php?rest_route=\/wp\/v2\/posts\/319204\/revisions"}],"predecessor-version":[{"id":319210,"href":"https:\/\/archive.sana.sy\/es\/index.php?rest_route=\/wp\/v2\/posts\/319204\/revisions\/319210"}],"wp:featuredmedia":[{"embeddable":true,"href":"https:\/\/archive.sana.sy\/es\/index.php?rest_route=\/wp\/v2\/media\/319205"}],"wp:attachment":[{"href":"https:\/\/archive.sana.sy\/es\/index.php?rest_route=%2Fwp%2Fv2%2Fmedia&parent=319204"}],"wp:term":[{"taxonomy":"category","embeddable":true,"href":"https:\/\/archive.sana.sy\/es\/index.php?rest_route=%2Fwp%2Fv2%2Fcategories&post=319204"},{"taxonomy":"post_tag","embeddable":true,"href":"https:\/\/archive.sana.sy\/es\/index.php?rest_route=%2Fwp%2Fv2%2Ftags&post=319204"}],"curies":[{"name":"wp","href":"https:\/\/api.w.org\/{rel}","templated":true}]}}