{"id":319238,"date":"2024-01-11T06:33:47","date_gmt":"2024-01-11T03:33:47","guid":{"rendered":"https:\/\/sana.sy\/es\/?p=319238"},"modified":"2024-01-11T06:33:47","modified_gmt":"2024-01-11T03:33:47","slug":"147-martires-palestinos-y-243-heridos-en-el-dia-96-de-la-agresion-israeli-contra-la-franja-de-gaza","status":"publish","type":"post","link":"https:\/\/archive.sana.sy\/es\/?p=319238","title":{"rendered":"147 m\u00e1rtires palestinos y 243 heridos en el d\u00eda 96 de la agresi\u00f3n israel\u00ed contra la Franja de Gaza"},"content":{"rendered":"<p style=\"text-align: justify;\"><span style=\"color: #800000;\"><strong>Jerusal\u00e9n ocupada, 11 ene (SANA)\u00a0<\/strong><\/span>\u00a0 El Ministerio de Salud palestino anunci\u00f3 que el ocupante israel\u00ed cometi\u00f3 14 masacres durante las \u00faltimas 24 horas, cobr\u00e1ndose la vida de 147 palestinos mientras otros 243 resultaron heridos.<\/p>\n<p style=\"text-align: justify;\">En un comunicado, el Ministerio asegur\u00f3 que el ocupante intensific\u00f3 su agresi\u00f3n en m\u00faltiples formas, incluidas ejecuciones sumarias, masacres, genocidio y destrucci\u00f3n de barrios residenciales, lo que eleva a 23.357 la cifra de muertos y 59.410 la de los heridos desde el d\u00eda 7 de octubre pasado.<\/p>\n<p style=\"text-align: justify;\">Por su parte, la agencia Wafa inform\u00f3 que las fuerzas de ocupaci\u00f3n continuaron su agresi\u00f3n nazi contra la Franja de Gaza bombardeando varias zonas en el norte, centro y sur de este enclave costero.<\/p>\n<p style=\"text-align: justify;\">fm<\/p>\n","protected":false},"excerpt":{"rendered":"<p>Jerusal\u00e9n ocupada, 11 ene (SANA)\u00a0\u00a0 El Ministerio de Salud palestino anunci\u00f3 que el ocupante israel\u00ed cometi\u00f3 14 masacres durante las \u00faltimas 24 horas, cobr\u00e1ndose la vida de 147 palestinos mientras otros 243 resultaron heridos. En un comunicado, el Ministerio asegur\u00f3 que el ocupante intensific\u00f3 su agresi\u00f3n en m\u00faltiples formas, incluidas ejecuciones sumarias, masacres, genocidio y &hellip;<\/p>\n","protected":false},"author":34,"featured_media":319239,"comment_status":"closed","ping_status":"closed","sticky":false,"template":"","format":"standard","meta":{"footnotes":""},"categories":[597,456,20724,7541],"tags":[],"class_list":["post-319238","post","type-post","status-publish","format-standard","has-post-thumbnail","","category-cinta-de-noticias","category-arabe-internacional-politica","category-minuto-a-minuto","category-ultimas-noticias"],"_links":{"self":[{"href":"https:\/\/archive.sana.sy\/es\/index.php?rest_route=\/wp\/v2\/posts\/319238"}],"collection":[{"href":"https:\/\/archive.sana.sy\/es\/index.php?rest_route=\/wp\/v2\/posts"}],"about":[{"href":"https:\/\/archive.sana.sy\/es\/index.php?rest_route=\/wp\/v2\/types\/post"}],"author":[{"embeddable":true,"href":"https:\/\/archive.sana.sy\/es\/index.php?rest_route=\/wp\/v2\/users\/34"}],"replies":[{"embeddable":true,"href":"https:\/\/archive.sana.sy\/es\/index.php?rest_route=%2Fwp%2Fv2%2Fcomments&post=319238"}],"version-history":[{"count":1,"href":"https:\/\/archive.sana.sy\/es\/index.php?rest_route=\/wp\/v2\/posts\/319238\/revisions"}],"predecessor-version":[{"id":319240,"href":"https:\/\/archive.sana.sy\/es\/index.php?rest_route=\/wp\/v2\/posts\/319238\/revisions\/319240"}],"wp:featuredmedia":[{"embeddable":true,"href":"https:\/\/archive.sana.sy\/es\/index.php?rest_route=\/wp\/v2\/media\/319239"}],"wp:attachment":[{"href":"https:\/\/archive.sana.sy\/es\/index.php?rest_route=%2Fwp%2Fv2%2Fmedia&parent=319238"}],"wp:term":[{"taxonomy":"category","embeddable":true,"href":"https:\/\/archive.sana.sy\/es\/index.php?rest_route=%2Fwp%2Fv2%2Fcategories&post=319238"},{"taxonomy":"post_tag","embeddable":true,"href":"https:\/\/archive.sana.sy\/es\/index.php?rest_route=%2Fwp%2Fv2%2Ftags&post=319238"}],"curies":[{"name":"wp","href":"https:\/\/api.w.org\/{rel}","templated":true}]}}