{"id":31925,"date":"2015-10-20T20:15:39","date_gmt":"2015-10-20T17:15:39","guid":{"rendered":"http:\/\/sana.sy\/es\/?p=31925"},"modified":"2015-10-20T20:15:39","modified_gmt":"2015-10-20T17:15:39","slug":"detienen-a-espanola-que-iba-a-viajar-a-siria-para-unirse-al-ei","status":"publish","type":"post","link":"https:\/\/archive.sana.sy\/es\/?p=31925","title":{"rendered":"Detienen a espa\u00f1ola que iba a viajar a Siria para unirse al EI"},"content":{"rendered":"<p style=\"text-align: justify\"><span style=\"color: #800000\">Madrid, SANA<\/span>&#8211; Una joven espa\u00f1ola fue detenida hoy en Madrid por su presunta relaci\u00f3n con el terrorismo yihadista del Estado Isl\u00e1mico (EI), informaron fuentes oficiales. La joven fue detenida por la Guardia Civil en el aeropuerto de Madrid-Barajas y, seg\u00fan las fuentes, pretend\u00eda viajar a Turqu\u00eda y despu\u00e9s trasladarse a Siria para integrarse en las filas del EI.<\/p>\n<p style=\"text-align: justify\">Esta es la segunda operaci\u00f3n vinculada al terrorismo yihadista que se lleva a cabo en Espa\u00f1a este mes, tras la detenci\u00f3n el pasado d\u00eda 4 de dos hombres y dos mujeres en tres provincias diferentes por captar supuestamente a mujeres para luchar con el EI.<\/p>\n<p style=\"text-align: justify\">La chica, una espa\u00f1ola de 22 a\u00f1os residente en Huelva, se hab\u00eda convertido recientemente al islam y se hab\u00eda radicalizado a trav\u00e9s de internet.<\/p>\n<p>M.Miri<\/p>\n","protected":false},"excerpt":{"rendered":"<p>Madrid, SANA&#8211; Una joven espa\u00f1ola fue detenida hoy en Madrid por su presunta relaci\u00f3n con el terrorismo yihadista del Estado Isl\u00e1mico (EI), informaron fuentes oficiales. La joven fue detenida por la Guardia Civil en el aeropuerto de Madrid-Barajas y, seg\u00fan las fuentes, pretend\u00eda viajar a Turqu\u00eda y despu\u00e9s trasladarse a Siria para integrarse en las &hellip;<\/p>\n","protected":false},"author":1,"featured_media":27056,"comment_status":"closed","ping_status":"closed","sticky":false,"template":"","format":"standard","meta":{"footnotes":""},"categories":[456,457],"tags":[7116],"class_list":["post-31925","post","type-post","status-publish","format-standard","has-post-thumbnail","","category-arabe-internacional-politica","category-noticias-arabe-internacional-politica","tag-detienen-a-espanola-que-iba-a-viajar-a-siria-para-unirse-al-ei"],"_links":{"self":[{"href":"https:\/\/archive.sana.sy\/es\/index.php?rest_route=\/wp\/v2\/posts\/31925"}],"collection":[{"href":"https:\/\/archive.sana.sy\/es\/index.php?rest_route=\/wp\/v2\/posts"}],"about":[{"href":"https:\/\/archive.sana.sy\/es\/index.php?rest_route=\/wp\/v2\/types\/post"}],"author":[{"embeddable":true,"href":"https:\/\/archive.sana.sy\/es\/index.php?rest_route=\/wp\/v2\/users\/1"}],"replies":[{"embeddable":true,"href":"https:\/\/archive.sana.sy\/es\/index.php?rest_route=%2Fwp%2Fv2%2Fcomments&post=31925"}],"version-history":[{"count":0,"href":"https:\/\/archive.sana.sy\/es\/index.php?rest_route=\/wp\/v2\/posts\/31925\/revisions"}],"wp:featuredmedia":[{"embeddable":true,"href":"https:\/\/archive.sana.sy\/es\/index.php?rest_route=\/wp\/v2\/media\/27056"}],"wp:attachment":[{"href":"https:\/\/archive.sana.sy\/es\/index.php?rest_route=%2Fwp%2Fv2%2Fmedia&parent=31925"}],"wp:term":[{"taxonomy":"category","embeddable":true,"href":"https:\/\/archive.sana.sy\/es\/index.php?rest_route=%2Fwp%2Fv2%2Fcategories&post=31925"},{"taxonomy":"post_tag","embeddable":true,"href":"https:\/\/archive.sana.sy\/es\/index.php?rest_route=%2Fwp%2Fv2%2Ftags&post=31925"}],"curies":[{"name":"wp","href":"https:\/\/api.w.org\/{rel}","templated":true}]}}