{"id":319314,"date":"2024-01-11T14:42:42","date_gmt":"2024-01-11T11:42:42","guid":{"rendered":"https:\/\/sana.sy\/es\/?p=319314"},"modified":"2024-01-11T14:43:08","modified_gmt":"2024-01-11T11:43:08","slug":"sudafrica-acusa-a-israel-de-cometer-genocidio-y-crimenes-de-guerra-en-gaza","status":"publish","type":"post","link":"https:\/\/archive.sana.sy\/es\/?p=319314","title":{"rendered":"Sud\u00e1frica acusa a \u201cIsrael\u201d de cometer genocidio y cr\u00edmenes de guerra en Gaza"},"content":{"rendered":"<p style=\"text-align: justify;\"><span style=\"color: #800000;\"><strong>La Haya, 11 ene (SANA)<\/strong> <\/span>Sud\u00e1frica culp\u00f3 a \u201cIsrael\u201d ante la Corte Internacional de Justicia, principal \u00f3rgano judicial de la ONU, por cometer genocidio y cr\u00edmenes de guerra contra los palestinos de Gaza.<\/p>\n<p style=\"text-align: justify;\">El ministro de Justicia de Sud\u00e1frica, Ronald Lamola, declar\u00f3 ante la Corte que la destrucci\u00f3n y la violencia no comenzaron el 7 de octubre, sino desde hace d\u00e9cadas, y que los palestinos han sido objeto de persecuci\u00f3n, y durante a\u00f1os \u201cIsrael\u201d ha impuesto un bloqueo injusto contra la Franja de Gaza.<\/p>\n<p style=\"text-align: justify;\">Hemos sido testigos de la Nakba palestina desde 1948 y de las pr\u00e1cticas de la ocupaci\u00f3n contra ellos y de su impunidad, asever\u00f3 el representante sudafricano.<\/p>\n<p style=\"text-align: justify;\">Agreg\u00f3 que \u201cIsrael\u201d someti\u00f3 Gaza durante los \u00faltimos 96 d\u00edas a lo que se describi\u00f3 como la campa\u00f1a de bombardeos m\u00e1s intensa en la historia de las guerras modernas.<\/p>\n<p style=\"text-align: justify;\">El 70% de las v\u00edctimas de los ataques del ej\u00e9rcito sionista contra el enclave costero son mujeres y ni\u00f1os, y unos 7.000 palestinos siguen desaparecidos bajo los escombros, coment\u00f3 Lamola.<\/p>\n<p style=\"text-align: justify;\">Denunci\u00f3 que los palestinos son asesinados si no abandonan el lugar, en los lugares a los que fueron desplazados y en las carreteras que \u201cIsrael\u201d afirma que est\u00e1n seguras.<\/p>\n<p style=\"text-align: justify;\">\u201cM\u00e1s de 1.800 familias perdieron a m\u00e1s de uno de sus miembros. Cientos de familias fueron aniquiladas como resultado del bombardeo israel\u00ed. Padres, hijos, madres, t\u00edas, t\u00edas y t\u00edos murieron juntos. Esta matanza, que se comete intencionalmente, no perdona a nadie, ni siquiera a los beb\u00e9s\u201d lament\u00f3.<\/p>\n<p style=\"text-align: justify;\">El pa\u00eds africano deplor\u00f3 en\u00e9rgicamente que Israel impuso \u00f3rdenes de evacuaci\u00f3n de hospitales enteros con todo lo que conten\u00edan, incluidos beb\u00e9s, y cort\u00f3 el agua, los alimentos, el combustible y los art\u00edculos de primera necesidad para forzar el desplazamiento.<\/p>\n<p style=\"text-align: justify;\">En tal sentido, revel\u00f3 que el ej\u00e9rcito israel\u00ed celebra la destrucci\u00f3n de pueblos y ciudades, y los soldados filman escenas de bombardeos y destrucci\u00f3n de hogares, pueblos y ciudades, y quieren restaurar los asentamientos sobre las ruinas de los palestinos.<\/p>\n<p style=\"text-align: justify;\">fm\/sm<\/p>\n","protected":false},"excerpt":{"rendered":"<p>La Haya, 11 ene (SANA) Sud\u00e1frica culp\u00f3 a \u201cIsrael\u201d ante la Corte Internacional de Justicia, principal \u00f3rgano judicial de la ONU, por cometer genocidio y cr\u00edmenes de guerra contra los palestinos de Gaza. El ministro de Justicia de Sud\u00e1frica, Ronald Lamola, declar\u00f3 ante la Corte que la destrucci\u00f3n y la violencia no comenzaron el 7 &hellip;<\/p>\n","protected":false},"author":39,"featured_media":319315,"comment_status":"closed","ping_status":"closed","sticky":false,"template":"","format":"standard","meta":{"footnotes":""},"categories":[597,456,16687,20724,583],"tags":[],"class_list":["post-319314","post","type-post","status-publish","format-standard","has-post-thumbnail","","category-cinta-de-noticias","category-arabe-internacional-politica","category-internacionales","category-minuto-a-minuto","category-slide"],"_links":{"self":[{"href":"https:\/\/archive.sana.sy\/es\/index.php?rest_route=\/wp\/v2\/posts\/319314"}],"collection":[{"href":"https:\/\/archive.sana.sy\/es\/index.php?rest_route=\/wp\/v2\/posts"}],"about":[{"href":"https:\/\/archive.sana.sy\/es\/index.php?rest_route=\/wp\/v2\/types\/post"}],"author":[{"embeddable":true,"href":"https:\/\/archive.sana.sy\/es\/index.php?rest_route=\/wp\/v2\/users\/39"}],"replies":[{"embeddable":true,"href":"https:\/\/archive.sana.sy\/es\/index.php?rest_route=%2Fwp%2Fv2%2Fcomments&post=319314"}],"version-history":[{"count":2,"href":"https:\/\/archive.sana.sy\/es\/index.php?rest_route=\/wp\/v2\/posts\/319314\/revisions"}],"predecessor-version":[{"id":319317,"href":"https:\/\/archive.sana.sy\/es\/index.php?rest_route=\/wp\/v2\/posts\/319314\/revisions\/319317"}],"wp:featuredmedia":[{"embeddable":true,"href":"https:\/\/archive.sana.sy\/es\/index.php?rest_route=\/wp\/v2\/media\/319315"}],"wp:attachment":[{"href":"https:\/\/archive.sana.sy\/es\/index.php?rest_route=%2Fwp%2Fv2%2Fmedia&parent=319314"}],"wp:term":[{"taxonomy":"category","embeddable":true,"href":"https:\/\/archive.sana.sy\/es\/index.php?rest_route=%2Fwp%2Fv2%2Fcategories&post=319314"},{"taxonomy":"post_tag","embeddable":true,"href":"https:\/\/archive.sana.sy\/es\/index.php?rest_route=%2Fwp%2Fv2%2Ftags&post=319314"}],"curies":[{"name":"wp","href":"https:\/\/api.w.org\/{rel}","templated":true}]}}