{"id":319318,"date":"2024-01-11T16:10:32","date_gmt":"2024-01-11T13:10:32","guid":{"rendered":"https:\/\/sana.sy\/es\/?p=319318"},"modified":"2024-01-11T16:40:33","modified_gmt":"2024-01-11T13:40:33","slug":"siria-y-tunez-ratifican-historicas-y-fraternales-relaciones","status":"publish","type":"post","link":"https:\/\/archive.sana.sy\/es\/?p=319318","title":{"rendered":"Siria y T\u00fanez ratifican hist\u00f3ricas y fraternales relaciones"},"content":{"rendered":"<p style=\"text-align: justify;\"><span style=\"color: #800000;\"><strong>T\u00fanez, 11 ene (SANA)\u00a0\u00a0<\/strong> <\/span>El embajador Mohamed Mohamed present\u00f3 sus credenciales al presidente de T\u00fanez, Kais Saied, como Embajador Extraordinario y Plenipotenciario de la Rep\u00fablica \u00c1rabe Siria.<\/p>\n<p style=\"text-align: justify;\">La ceremonia de presentaci\u00f3n de credenciales tuvo lugar en el Palacio Presidencial de Cartago en presencia del ministro tunecino de Asuntos Exteriores, Nabil Ammar, y del asesor diplom\u00e1tico del Presidente de la Rep\u00fablica, Walid Al-Hajam.<\/p>\n<p style=\"text-align: justify;\">El diplom\u00e1tico sirio transmiti\u00f3 los saludos del presidente Bashar al-Assad al mandatario tunecino y sus deseos de mayor progreso, bienestar y desarrollo al pueblo de T\u00fanez.<\/p>\n<p style=\"text-align: justify;\">Por su parte, el presidente Kais Saied explic\u00f3 que lo que une a Siria y T\u00fanez son relaciones fraternales e hist\u00f3ricas, y subray\u00f3 su inter\u00e9s de fortalecer y desarrollar los lazos bilaterales entre ambas naciones en todos los \u00e1mbitos, en beneficio de los dos pa\u00edses y pueblos hermanos.<\/p>\n<p style=\"text-align: justify;\">Asimismo, destac\u00f3 la necesidad de respetar la soberan\u00eda, la independencia y la integridad territorial de Siria.<\/p>\n<p style=\"text-align: justify;\">Adem\u00e1s, encarg\u00f3 al nuevo embajador sirio que transmitiera sus saludos al presidente Al-Assad y sus deseos de que Siria se recupere y de que su pueblo sirio siga gozando de seguridad y estabilidad, y destac\u00f3 la importancia del retorno de Damasco a su posici\u00f3n, a su rol natural y a su distinguida presencia al nivel regional e internacional.<\/p>\n<p style=\"text-align: justify;\"><img loading=\"lazy\" decoding=\"async\" class=\"wp-image-319323 size-full aligncenter\" src=\"http:\/\/sana.sy\/es\/wp-content\/uploads\/2024\/01\/Siria-y-Tunez-ratifican-historicas-y-fraternales-relaciones-1.jpeg\" alt=\"\" width=\"660\" height=\"393\" srcset=\"https:\/\/archive.sana.sy\/es\/wp-content\/uploads\/2024\/01\/Siria-y-Tunez-ratifican-historicas-y-fraternales-relaciones-1.jpeg 660w, https:\/\/archive.sana.sy\/es\/wp-content\/uploads\/2024\/01\/Siria-y-Tunez-ratifican-historicas-y-fraternales-relaciones-1-300x179.jpeg 300w, https:\/\/archive.sana.sy\/es\/wp-content\/uploads\/2024\/01\/Siria-y-Tunez-ratifican-historicas-y-fraternales-relaciones-1-150x89.jpeg 150w\" sizes=\"(max-width: 660px) 100vw, 660px\" \/><\/p>\n<p style=\"text-align: justify;\">sm\/fm<\/p>\n","protected":false},"excerpt":{"rendered":"<p>T\u00fanez, 11 ene (SANA)\u00a0\u00a0 El embajador Mohamed Mohamed present\u00f3 sus credenciales al presidente de T\u00fanez, Kais Saied, como Embajador Extraordinario y Plenipotenciario de la Rep\u00fablica \u00c1rabe Siria. La ceremonia de presentaci\u00f3n de credenciales tuvo lugar en el Palacio Presidencial de Cartago en presencia del ministro tunecino de Asuntos Exteriores, Nabil Ammar, y del asesor diplom\u00e1tico &hellip;<\/p>\n","protected":false},"author":39,"featured_media":319319,"comment_status":"closed","ping_status":"closed","sticky":false,"template":"","format":"standard","meta":{"footnotes":""},"categories":[597,20724,467,7541],"tags":[],"class_list":["post-319318","post","type-post","status-publish","format-standard","has-post-thumbnail","","category-cinta-de-noticias","category-minuto-a-minuto","category-siria-y-el-mundo","category-ultimas-noticias"],"_links":{"self":[{"href":"https:\/\/archive.sana.sy\/es\/index.php?rest_route=\/wp\/v2\/posts\/319318"}],"collection":[{"href":"https:\/\/archive.sana.sy\/es\/index.php?rest_route=\/wp\/v2\/posts"}],"about":[{"href":"https:\/\/archive.sana.sy\/es\/index.php?rest_route=\/wp\/v2\/types\/post"}],"author":[{"embeddable":true,"href":"https:\/\/archive.sana.sy\/es\/index.php?rest_route=\/wp\/v2\/users\/39"}],"replies":[{"embeddable":true,"href":"https:\/\/archive.sana.sy\/es\/index.php?rest_route=%2Fwp%2Fv2%2Fcomments&post=319318"}],"version-history":[{"count":2,"href":"https:\/\/archive.sana.sy\/es\/index.php?rest_route=\/wp\/v2\/posts\/319318\/revisions"}],"predecessor-version":[{"id":319324,"href":"https:\/\/archive.sana.sy\/es\/index.php?rest_route=\/wp\/v2\/posts\/319318\/revisions\/319324"}],"wp:featuredmedia":[{"embeddable":true,"href":"https:\/\/archive.sana.sy\/es\/index.php?rest_route=\/wp\/v2\/media\/319319"}],"wp:attachment":[{"href":"https:\/\/archive.sana.sy\/es\/index.php?rest_route=%2Fwp%2Fv2%2Fmedia&parent=319318"}],"wp:term":[{"taxonomy":"category","embeddable":true,"href":"https:\/\/archive.sana.sy\/es\/index.php?rest_route=%2Fwp%2Fv2%2Fcategories&post=319318"},{"taxonomy":"post_tag","embeddable":true,"href":"https:\/\/archive.sana.sy\/es\/index.php?rest_route=%2Fwp%2Fv2%2Ftags&post=319318"}],"curies":[{"name":"wp","href":"https:\/\/api.w.org\/{rel}","templated":true}]}}