{"id":319321,"date":"2024-01-11T16:11:04","date_gmt":"2024-01-11T13:11:04","guid":{"rendered":"https:\/\/sana.sy\/es\/?p=319321"},"modified":"2024-01-11T16:51:52","modified_gmt":"2024-01-11T13:51:52","slug":"ministerio-de-salud-palestino-el-numero-de-victimas-mortales-por-la-actual-agresion-israeli-en-gaza-ascendio-a-23-469-y-los-heridos-a-59-604","status":"publish","type":"post","link":"https:\/\/archive.sana.sy\/es\/?p=319321","title":{"rendered":"Ministerio de Salud palestino: El n\u00famero de v\u00edctimas mortales por la actual agresi\u00f3n israel\u00ed en Gaza ascendi\u00f3 a 23.469 y los heridos a 59.604"},"content":{"rendered":"","protected":false},"excerpt":{"rendered":"","protected":false},"author":39,"featured_media":0,"comment_status":"closed","ping_status":"closed","sticky":false,"template":"","format":"standard","meta":{"footnotes":""},"categories":[20724],"tags":[],"class_list":["post-319321","post","type-post","status-publish","format-standard","","category-minuto-a-minuto"],"_links":{"self":[{"href":"https:\/\/archive.sana.sy\/es\/index.php?rest_route=\/wp\/v2\/posts\/319321"}],"collection":[{"href":"https:\/\/archive.sana.sy\/es\/index.php?rest_route=\/wp\/v2\/posts"}],"about":[{"href":"https:\/\/archive.sana.sy\/es\/index.php?rest_route=\/wp\/v2\/types\/post"}],"author":[{"embeddable":true,"href":"https:\/\/archive.sana.sy\/es\/index.php?rest_route=\/wp\/v2\/users\/39"}],"replies":[{"embeddable":true,"href":"https:\/\/archive.sana.sy\/es\/index.php?rest_route=%2Fwp%2Fv2%2Fcomments&post=319321"}],"version-history":[{"count":1,"href":"https:\/\/archive.sana.sy\/es\/index.php?rest_route=\/wp\/v2\/posts\/319321\/revisions"}],"predecessor-version":[{"id":319322,"href":"https:\/\/archive.sana.sy\/es\/index.php?rest_route=\/wp\/v2\/posts\/319321\/revisions\/319322"}],"wp:attachment":[{"href":"https:\/\/archive.sana.sy\/es\/index.php?rest_route=%2Fwp%2Fv2%2Fmedia&parent=319321"}],"wp:term":[{"taxonomy":"category","embeddable":true,"href":"https:\/\/archive.sana.sy\/es\/index.php?rest_route=%2Fwp%2Fv2%2Fcategories&post=319321"},{"taxonomy":"post_tag","embeddable":true,"href":"https:\/\/archive.sana.sy\/es\/index.php?rest_route=%2Fwp%2Fv2%2Ftags&post=319321"}],"curies":[{"name":"wp","href":"https:\/\/api.w.org\/{rel}","templated":true}]}}