{"id":319325,"date":"2024-01-11T16:48:29","date_gmt":"2024-01-11T13:48:29","guid":{"rendered":"https:\/\/sana.sy\/es\/?p=319325"},"modified":"2024-01-11T16:48:29","modified_gmt":"2024-01-11T13:48:29","slug":"mueren-dos-libaneses-en-bombardeo-israeli-contra-un-centro-de-emergencia-medica","status":"publish","type":"post","link":"https:\/\/archive.sana.sy\/es\/?p=319325","title":{"rendered":"Mueren dos libaneses en bombardeo israel\u00ed contra un centro de emergencia m\u00e9dica"},"content":{"rendered":"<p style=\"text-align: justify;\"><span style=\"color: #800000;\"><strong>Beirut, 11 ene (SANA)<\/strong><\/span>\u00a0 Fuentes libanesas informaron hoy que dos miembros de la Defensa Civil murieron hoy en bombardeo israel\u00ed contra un centro de emergencia m\u00e9dica en la localidad de Hanin.<\/p>\n<p style=\"text-align: justify;\">La Agencia Nacional Libanesa de Noticias inform\u00f3 aviones israel\u00edes bombardearon un centro de Defensa Civil y una ambulancia fue destruida.<\/p>\n<p style=\"text-align: justify;\">La v\u00edspera, un ciudadano liban\u00e9s perdi\u00f3 la vida y otro result\u00f3 herido en una incursi\u00f3n israel\u00ed en la ciudad de Kafr Shuba, en el sur del L\u00edbano.<\/p>\n<p style=\"text-align: justify;\">fm\/sm<\/p>\n","protected":false},"excerpt":{"rendered":"<p>Beirut, 11 ene (SANA)\u00a0 Fuentes libanesas informaron hoy que dos miembros de la Defensa Civil murieron hoy en bombardeo israel\u00ed contra un centro de emergencia m\u00e9dica en la localidad de Hanin. La Agencia Nacional Libanesa de Noticias inform\u00f3 aviones israel\u00edes bombardearon un centro de Defensa Civil y una ambulancia fue destruida. La v\u00edspera, un ciudadano &hellip;<\/p>\n","protected":false},"author":39,"featured_media":319326,"comment_status":"closed","ping_status":"closed","sticky":false,"template":"","format":"standard","meta":{"footnotes":""},"categories":[597,456,16687,20724,7541],"tags":[],"class_list":["post-319325","post","type-post","status-publish","format-standard","has-post-thumbnail","","category-cinta-de-noticias","category-arabe-internacional-politica","category-internacionales","category-minuto-a-minuto","category-ultimas-noticias"],"_links":{"self":[{"href":"https:\/\/archive.sana.sy\/es\/index.php?rest_route=\/wp\/v2\/posts\/319325"}],"collection":[{"href":"https:\/\/archive.sana.sy\/es\/index.php?rest_route=\/wp\/v2\/posts"}],"about":[{"href":"https:\/\/archive.sana.sy\/es\/index.php?rest_route=\/wp\/v2\/types\/post"}],"author":[{"embeddable":true,"href":"https:\/\/archive.sana.sy\/es\/index.php?rest_route=\/wp\/v2\/users\/39"}],"replies":[{"embeddable":true,"href":"https:\/\/archive.sana.sy\/es\/index.php?rest_route=%2Fwp%2Fv2%2Fcomments&post=319325"}],"version-history":[{"count":1,"href":"https:\/\/archive.sana.sy\/es\/index.php?rest_route=\/wp\/v2\/posts\/319325\/revisions"}],"predecessor-version":[{"id":319327,"href":"https:\/\/archive.sana.sy\/es\/index.php?rest_route=\/wp\/v2\/posts\/319325\/revisions\/319327"}],"wp:featuredmedia":[{"embeddable":true,"href":"https:\/\/archive.sana.sy\/es\/index.php?rest_route=\/wp\/v2\/media\/319326"}],"wp:attachment":[{"href":"https:\/\/archive.sana.sy\/es\/index.php?rest_route=%2Fwp%2Fv2%2Fmedia&parent=319325"}],"wp:term":[{"taxonomy":"category","embeddable":true,"href":"https:\/\/archive.sana.sy\/es\/index.php?rest_route=%2Fwp%2Fv2%2Fcategories&post=319325"},{"taxonomy":"post_tag","embeddable":true,"href":"https:\/\/archive.sana.sy\/es\/index.php?rest_route=%2Fwp%2Fv2%2Ftags&post=319325"}],"curies":[{"name":"wp","href":"https:\/\/api.w.org\/{rel}","templated":true}]}}