{"id":319331,"date":"2024-01-11T18:18:40","date_gmt":"2024-01-11T15:18:40","guid":{"rendered":"https:\/\/sana.sy\/es\/?p=319331"},"modified":"2024-01-11T18:20:25","modified_gmt":"2024-01-11T15:20:25","slug":"inauguran-en-damasco-motex-khan-al-harir-feria-especializada-en-exportacion-de-ropa-siria-y-suministros-de-su-produccion","status":"publish","type":"post","link":"https:\/\/archive.sana.sy\/es\/?p=319331","title":{"rendered":"Inauguran en Damasco \u201cMotex Khan Al-Harir\u201d, feria especializada en exportaci\u00f3n de ropa siria e insumos de su producci\u00f3n"},"content":{"rendered":"<p><span style=\"color: #800000;\"><strong>Damasco, 11 ene (SANA)\u00a0 <\/strong><\/span>El primer ministro de Siria, Hussein Arnous, inaugur\u00f3 hoy en el recinto ferial de Damasco las actividades de la feria \u201cMotex Khan Al-Harir\u201d, la exposici\u00f3n siria especializada en la exportaci\u00f3n de la moda y ropa sirias y los insumos de sus producciones, con la participaci\u00f3n de m\u00e1s de 300 empresas nacionales.<\/p>\n<p>Nota en desarrollo&#8230;<\/p>\n<p><img loading=\"lazy\" decoding=\"async\" class=\"wp-image-319333 size-full aligncenter\" src=\"http:\/\/sana.sy\/es\/wp-content\/uploads\/2024\/01\/Inauguran-en-Damasco-Motex-Khan-Al-Harir-feria-especializada-en-exportacion-de-ropa-siria-y-suministros-de-su-produccion0.jpeg\" alt=\"\" width=\"660\" height=\"411\" srcset=\"https:\/\/archive.sana.sy\/es\/wp-content\/uploads\/2024\/01\/Inauguran-en-Damasco-Motex-Khan-Al-Harir-feria-especializada-en-exportacion-de-ropa-siria-y-suministros-de-su-produccion0.jpeg 660w, https:\/\/archive.sana.sy\/es\/wp-content\/uploads\/2024\/01\/Inauguran-en-Damasco-Motex-Khan-Al-Harir-feria-especializada-en-exportacion-de-ropa-siria-y-suministros-de-su-produccion0-300x187.jpeg 300w, https:\/\/archive.sana.sy\/es\/wp-content\/uploads\/2024\/01\/Inauguran-en-Damasco-Motex-Khan-Al-Harir-feria-especializada-en-exportacion-de-ropa-siria-y-suministros-de-su-produccion0-150x93.jpeg 150w\" sizes=\"(max-width: 660px) 100vw, 660px\" \/><\/p>\n","protected":false},"excerpt":{"rendered":"<p>Damasco, 11 ene (SANA)\u00a0 El primer ministro de Siria, Hussein Arnous, inaugur\u00f3 hoy en el recinto ferial de Damasco las actividades de la feria \u201cMotex Khan Al-Harir\u201d, la exposici\u00f3n siria especializada en la exportaci\u00f3n de la moda y ropa sirias y los insumos de sus producciones, con la participaci\u00f3n de m\u00e1s de 300 empresas nacionales. &hellip;<\/p>\n","protected":false},"author":39,"featured_media":319332,"comment_status":"closed","ping_status":"closed","sticky":false,"template":"","format":"standard","meta":{"footnotes":""},"categories":[477,597,16686,483,485,573,476,7541],"tags":[],"class_list":["post-319331","post","type-post","status-publish","format-standard","has-post-thumbnail","","category-noticias-edulcorantes","category-cinta-de-noticias","category-economia","category-negocios-y-finanzas","category-informes-negocios-y-finanzas","category-la-realidad-de-los-acontecimientos-en-siria","category-locales","category-ultimas-noticias"],"_links":{"self":[{"href":"https:\/\/archive.sana.sy\/es\/index.php?rest_route=\/wp\/v2\/posts\/319331"}],"collection":[{"href":"https:\/\/archive.sana.sy\/es\/index.php?rest_route=\/wp\/v2\/posts"}],"about":[{"href":"https:\/\/archive.sana.sy\/es\/index.php?rest_route=\/wp\/v2\/types\/post"}],"author":[{"embeddable":true,"href":"https:\/\/archive.sana.sy\/es\/index.php?rest_route=\/wp\/v2\/users\/39"}],"replies":[{"embeddable":true,"href":"https:\/\/archive.sana.sy\/es\/index.php?rest_route=%2Fwp%2Fv2%2Fcomments&post=319331"}],"version-history":[{"count":5,"href":"https:\/\/archive.sana.sy\/es\/index.php?rest_route=\/wp\/v2\/posts\/319331\/revisions"}],"predecessor-version":[{"id":319338,"href":"https:\/\/archive.sana.sy\/es\/index.php?rest_route=\/wp\/v2\/posts\/319331\/revisions\/319338"}],"wp:featuredmedia":[{"embeddable":true,"href":"https:\/\/archive.sana.sy\/es\/index.php?rest_route=\/wp\/v2\/media\/319332"}],"wp:attachment":[{"href":"https:\/\/archive.sana.sy\/es\/index.php?rest_route=%2Fwp%2Fv2%2Fmedia&parent=319331"}],"wp:term":[{"taxonomy":"category","embeddable":true,"href":"https:\/\/archive.sana.sy\/es\/index.php?rest_route=%2Fwp%2Fv2%2Fcategories&post=319331"},{"taxonomy":"post_tag","embeddable":true,"href":"https:\/\/archive.sana.sy\/es\/index.php?rest_route=%2Fwp%2Fv2%2Ftags&post=319331"}],"curies":[{"name":"wp","href":"https:\/\/api.w.org\/{rel}","templated":true}]}}