{"id":319348,"date":"2024-01-12T10:28:49","date_gmt":"2024-01-12T07:28:49","guid":{"rendered":"https:\/\/sana.sy\/es\/?p=319348"},"modified":"2024-01-12T10:28:49","modified_gmt":"2024-01-12T07:28:49","slug":"sudafrica-logramos-una-gran-victoria-para-los-palestinos-y-la-humanidad","status":"publish","type":"post","link":"https:\/\/archive.sana.sy\/es\/?p=319348","title":{"rendered":"Sud\u00e1frica: Logramos una gran victoria para los palestinos y la humanidad"},"content":{"rendered":"<blockquote>\n<p style=\"text-align: justify;\"><span style=\"color: #ff6600;\"><strong>\u201cLes otorgamos una voz ante a la Corte m\u00e1s alta del mundo, y no se pueden pasar por alto las pruebas presentadas ante los jueces de la Corte Internacional de Justicia y la opini\u00f3n mundial&#8221;<\/strong><\/span><\/p>\n<\/blockquote>\n<p style=\"text-align: justify;\">\n<span style=\"color: #800000;\">La Haya, 12 ene (SANA)<\/span> La Rep\u00fablica de Sud\u00e1frica consider\u00f3 que ha logrado una gran victoria para los palestinos y la humanidad en general al presentar una demanda judicial ante la Corte Internacional de Justicia por los cr\u00edmenes de genocidio cometidos por \u201cIsrael\u201d contra el pueblo palestino en la Franja de Gaza.<\/p>\n<p style=\"text-align: justify;\">El portavoz del Ministerio de Relaciones Internacionales y Cooperaci\u00f3n de Sud\u00e1frica, Clayson Monyela, afirm\u00f3 en una publicaci\u00f3n en la plataforma X que &#8220;independientemente del resultado, Sud\u00e1frica ya logr\u00f3 una gran victoria para los palestinos y la humanidad.<\/p>\n<p style=\"text-align: justify;\">\u201cLes otorgamos una voz ante a la Corte m\u00e1s alta del mundo, y no se pueden pasar por alto las pruebas presentadas ante los jueces de la Corte Internacional de Justicia y la opini\u00f3n mundial&#8221;, expres\u00f3.<\/p>\n<p style=\"text-align: justify;\">Por su parte, la abogada Adila Hashem, del equipo jur\u00eddico sudafricano, declar\u00f3 que &#8220;las acciones israel\u00edes expusieron a los habitantes de Gaza a un nivel sin precedentes de agresi\u00f3n, lo que llev\u00f3 a la muerte de miles de civiles y la destrucci\u00f3n de hogares e infraestructuras b\u00e1sicas&#8221;.<\/p>\n<p style=\"text-align: justify;\">Inst\u00f3 a la Corte Internacional a aprovechar las pruebas que demuestran sin lugar a dudas la existencia de un patr\u00f3n de comportamiento y una intenci\u00f3n relacionada con la comisi\u00f3n de actos de genocidio.<\/p>\n<p style=\"text-align: justify;\">El equipo legal de Sud\u00e1frica dijo a los jueces de la Corte Internacional de Justicia en La Haya que &#8220;Israel\u201d viol\u00f3 el tratado internacional firmado por los miembros de las Naciones Unidas despu\u00e9s de la Segunda Guerra Mundial para prevenir cr\u00edmenes de lesa humanidad en su agresi\u00f3n a Gaza.<\/p>\n<p style=\"text-align: justify;\">Enfatiz\u00f3 que el tratado est\u00e1 dise\u00f1ado no solo para prohibir los actos de genocidio, sino tambi\u00e9n para prevenirlos.<\/p>\n<p style=\"text-align: justify;\">Asimismo, solicit\u00f3 a la Corte que emitiera una orden provisional urgente a \u201cIsrael\u201d para suspender de inmediato sus brutales ataques en Gaza.<\/p>\n<p style=\"text-align: justify;\">Sud\u00e1frica present\u00f3 la demanda el pasado 29 de diciembre, con un documento de 84 p\u00e1ginas que detalla pruebas de la violaci\u00f3n de \u201cIsrael\u201d de sus obligaciones seg\u00fan la Carta de las Naciones Unidas y su implicaci\u00f3n en la comisi\u00f3n de actos de genocidio contra el pueblo palestino en la Franja de Gaza.<\/p>\n<p style=\"text-align: justify;\"><em><strong>ah\/fm<\/strong><\/em><\/p>\n","protected":false},"excerpt":{"rendered":"<p>\u201cLes otorgamos una voz ante a la Corte m\u00e1s alta del mundo, y no se pueden pasar por alto las pruebas presentadas ante los jueces de la Corte Internacional de Justicia y la opini\u00f3n mundial&#8221; La Haya, 12 ene (SANA) La Rep\u00fablica de Sud\u00e1frica consider\u00f3 que ha logrado una gran victoria para los palestinos y &hellip;<\/p>\n","protected":false},"author":30,"featured_media":319349,"comment_status":"closed","ping_status":"closed","sticky":false,"template":"","format":"standard","meta":{"footnotes":""},"categories":[597,456,20724,583],"tags":[],"class_list":["post-319348","post","type-post","status-publish","format-standard","has-post-thumbnail","","category-cinta-de-noticias","category-arabe-internacional-politica","category-minuto-a-minuto","category-slide"],"_links":{"self":[{"href":"https:\/\/archive.sana.sy\/es\/index.php?rest_route=\/wp\/v2\/posts\/319348"}],"collection":[{"href":"https:\/\/archive.sana.sy\/es\/index.php?rest_route=\/wp\/v2\/posts"}],"about":[{"href":"https:\/\/archive.sana.sy\/es\/index.php?rest_route=\/wp\/v2\/types\/post"}],"author":[{"embeddable":true,"href":"https:\/\/archive.sana.sy\/es\/index.php?rest_route=\/wp\/v2\/users\/30"}],"replies":[{"embeddable":true,"href":"https:\/\/archive.sana.sy\/es\/index.php?rest_route=%2Fwp%2Fv2%2Fcomments&post=319348"}],"version-history":[{"count":1,"href":"https:\/\/archive.sana.sy\/es\/index.php?rest_route=\/wp\/v2\/posts\/319348\/revisions"}],"predecessor-version":[{"id":319350,"href":"https:\/\/archive.sana.sy\/es\/index.php?rest_route=\/wp\/v2\/posts\/319348\/revisions\/319350"}],"wp:featuredmedia":[{"embeddable":true,"href":"https:\/\/archive.sana.sy\/es\/index.php?rest_route=\/wp\/v2\/media\/319349"}],"wp:attachment":[{"href":"https:\/\/archive.sana.sy\/es\/index.php?rest_route=%2Fwp%2Fv2%2Fmedia&parent=319348"}],"wp:term":[{"taxonomy":"category","embeddable":true,"href":"https:\/\/archive.sana.sy\/es\/index.php?rest_route=%2Fwp%2Fv2%2Fcategories&post=319348"},{"taxonomy":"post_tag","embeddable":true,"href":"https:\/\/archive.sana.sy\/es\/index.php?rest_route=%2Fwp%2Fv2%2Ftags&post=319348"}],"curies":[{"name":"wp","href":"https:\/\/api.w.org\/{rel}","templated":true}]}}