{"id":319351,"date":"2024-01-12T10:41:14","date_gmt":"2024-01-12T07:41:14","guid":{"rendered":"https:\/\/sana.sy\/es\/?p=319351"},"modified":"2024-01-12T11:25:00","modified_gmt":"2024-01-12T08:25:00","slug":"400-empresas-sirias-participan-en-la-feria-moda-y-textiles-motex-khan-al-harir","status":"publish","type":"post","link":"https:\/\/archive.sana.sy\/es\/?p=319351","title":{"rendered":"400 empresas sirias participan en la feria moda y textiles \u201cMotex Khan Al-Harir\u201d"},"content":{"rendered":"<p style=\"text-align: justify;\"><span style=\"color: #800000;\"><strong>Damasco, 12 ene (SANA)<\/strong><\/span> El primer ministro Hussein Arnous, inaugur\u00f3 este jueves la Feria Motex Khan Al-Harir, en el recinto ferial de Damasco.<\/p>\n<p style=\"text-align: justify;\">La feria, especializada en moda, textiles y suministros de producci\u00f3n para la temporada primavera-verano 2024, cuenta con la participaci\u00f3n de m\u00e1s de 400 empresas nacionales.<\/p>\n<p style=\"text-align: justify;\">La ceremonia de inauguraci\u00f3n cont\u00f3 con la presencia de ministros de Econom\u00eda y Comercio Exterior, de Finanzas, de Comercio Interior y Protecci\u00f3n del Consumidor, de Industria y el Secretario General del Gabinete, junto con el Gobernador del Banco Central de Siria.<\/p>\n<p style=\"text-align: justify;\">Organizado por las C\u00e1maras de Industria de Damasco y su campo, Alepo, Comercio de Damasco y Alepo, y la Asociaci\u00f3n de Exportadores Sirios de Ropa y Textiles, la exposici\u00f3n se extender\u00e1 hasta el 14 del mes en curso.<\/p>\n<p style=\"text-align: justify;\">Se exhibe una variedad de sectores de la industria textil y sus componentes, como infantil, femenina y de hombres, calzado, cuero, accesorios, telas, hilos y otros insumos de producci\u00f3n.<\/p>\n<p style=\"text-align: justify;\">En declaraciones a periodistas, el Primer Ministro destac\u00f3 que esta exposici\u00f3n es la primera en la que colaboran tres entidades: las c\u00e1maras de Industria y Comercio y la Oficina Regional de Exportadores e Importadores \u00c1rabes.<\/p>\n<p style=\"text-align: justify;\">Arnous se\u00f1al\u00f3 que el n\u00famero de visitantes super\u00f3 los 1400, incluidos empresarios de diversas naciones \u00e1rabes y amigas, todos interesados en hacer negocios con productos sirios.<\/p>\n<p style=\"text-align: justify;\">Subray\u00f3 que la exposici\u00f3n evidencia la presencia de una industria textil siria avanzada, operando en un sector integrado desde el hilo hasta el tejido, con una amplia variedad de modelos para todos los gustos.<\/p>\n<p style=\"text-align: justify;\">El mensaje que Siria env\u00eda al mundo es que a pesar de las restricciones, la industria siria sigue produciendo, y los industriales contin\u00faan su labor incluso en las condiciones m\u00e1s dif\u00edciles, como durante la cruel guerra que afect\u00f3 a Siria.<\/p>\n<p style=\"text-align: justify;\"><em><strong>ah\/fm<\/strong><\/em><\/p>\n<div id='gallery-1' class='gallery galleryid-319351 gallery-columns-1 gallery-size-full'><figure class='gallery-item'>\n\t\t\t<div class='gallery-icon landscape'>\n\t\t\t\t<a href='https:\/\/archive.sana.sy\/es\/wp-content\/uploads\/2024\/01\/photo_2024-01-11_21-53-01-2.jpg'><img loading=\"lazy\" decoding=\"async\" width=\"1280\" height=\"724\" src=\"https:\/\/archive.sana.sy\/es\/wp-content\/uploads\/2024\/01\/photo_2024-01-11_21-53-01-2.jpg\" class=\"attachment-full size-full\" alt=\"\" srcset=\"https:\/\/archive.sana.sy\/es\/wp-content\/uploads\/2024\/01\/photo_2024-01-11_21-53-01-2.jpg 1280w, https:\/\/archive.sana.sy\/es\/wp-content\/uploads\/2024\/01\/photo_2024-01-11_21-53-01-2-300x170.jpg 300w, https:\/\/archive.sana.sy\/es\/wp-content\/uploads\/2024\/01\/photo_2024-01-11_21-53-01-2-1024x579.jpg 1024w, https:\/\/archive.sana.sy\/es\/wp-content\/uploads\/2024\/01\/photo_2024-01-11_21-53-01-2-150x85.jpg 150w, https:\/\/archive.sana.sy\/es\/wp-content\/uploads\/2024\/01\/photo_2024-01-11_21-53-01-2-768x434.jpg 768w\" sizes=\"(max-width: 1280px) 100vw, 1280px\" \/><\/a>\n\t\t\t<\/div><\/figure><figure class='gallery-item'>\n\t\t\t<div class='gallery-icon landscape'>\n\t\t\t\t<a href='https:\/\/archive.sana.sy\/es\/wp-content\/uploads\/2024\/01\/photo_2024-01-11_21-53-01.jpg'><img loading=\"lazy\" decoding=\"async\" width=\"1280\" height=\"724\" src=\"https:\/\/archive.sana.sy\/es\/wp-content\/uploads\/2024\/01\/photo_2024-01-11_21-53-01.jpg\" class=\"attachment-full size-full\" alt=\"\" srcset=\"https:\/\/archive.sana.sy\/es\/wp-content\/uploads\/2024\/01\/photo_2024-01-11_21-53-01.jpg 1280w, https:\/\/archive.sana.sy\/es\/wp-content\/uploads\/2024\/01\/photo_2024-01-11_21-53-01-300x170.jpg 300w, https:\/\/archive.sana.sy\/es\/wp-content\/uploads\/2024\/01\/photo_2024-01-11_21-53-01-1024x579.jpg 1024w, https:\/\/archive.sana.sy\/es\/wp-content\/uploads\/2024\/01\/photo_2024-01-11_21-53-01-150x85.jpg 150w, https:\/\/archive.sana.sy\/es\/wp-content\/uploads\/2024\/01\/photo_2024-01-11_21-53-01-768x434.jpg 768w\" sizes=\"(max-width: 1280px) 100vw, 1280px\" \/><\/a>\n\t\t\t<\/div><\/figure><figure class='gallery-item'>\n\t\t\t<div class='gallery-icon landscape'>\n\t\t\t\t<a href='https:\/\/archive.sana.sy\/es\/wp-content\/uploads\/2024\/01\/photo_2024-01-11_21-53-00.jpg'><img loading=\"lazy\" decoding=\"async\" width=\"1280\" height=\"724\" src=\"https:\/\/archive.sana.sy\/es\/wp-content\/uploads\/2024\/01\/photo_2024-01-11_21-53-00.jpg\" class=\"attachment-full size-full\" alt=\"\" srcset=\"https:\/\/archive.sana.sy\/es\/wp-content\/uploads\/2024\/01\/photo_2024-01-11_21-53-00.jpg 1280w, https:\/\/archive.sana.sy\/es\/wp-content\/uploads\/2024\/01\/photo_2024-01-11_21-53-00-300x170.jpg 300w, https:\/\/archive.sana.sy\/es\/wp-content\/uploads\/2024\/01\/photo_2024-01-11_21-53-00-1024x579.jpg 1024w, https:\/\/archive.sana.sy\/es\/wp-content\/uploads\/2024\/01\/photo_2024-01-11_21-53-00-150x85.jpg 150w, https:\/\/archive.sana.sy\/es\/wp-content\/uploads\/2024\/01\/photo_2024-01-11_21-53-00-768x434.jpg 768w\" sizes=\"(max-width: 1280px) 100vw, 1280px\" \/><\/a>\n\t\t\t<\/div><\/figure><figure class='gallery-item'>\n\t\t\t<div class='gallery-icon landscape'>\n\t\t\t\t<a href='https:\/\/archive.sana.sy\/es\/wp-content\/uploads\/2024\/01\/photo_2024-01-11_21-52-59.jpg'><img loading=\"lazy\" decoding=\"async\" width=\"1280\" height=\"766\" src=\"https:\/\/archive.sana.sy\/es\/wp-content\/uploads\/2024\/01\/photo_2024-01-11_21-52-59.jpg\" class=\"attachment-full size-full\" alt=\"\" srcset=\"https:\/\/archive.sana.sy\/es\/wp-content\/uploads\/2024\/01\/photo_2024-01-11_21-52-59.jpg 1280w, https:\/\/archive.sana.sy\/es\/wp-content\/uploads\/2024\/01\/photo_2024-01-11_21-52-59-300x180.jpg 300w, https:\/\/archive.sana.sy\/es\/wp-content\/uploads\/2024\/01\/photo_2024-01-11_21-52-59-1024x613.jpg 1024w, https:\/\/archive.sana.sy\/es\/wp-content\/uploads\/2024\/01\/photo_2024-01-11_21-52-59-150x90.jpg 150w, https:\/\/archive.sana.sy\/es\/wp-content\/uploads\/2024\/01\/photo_2024-01-11_21-52-59-768x460.jpg 768w\" sizes=\"(max-width: 1280px) 100vw, 1280px\" \/><\/a>\n\t\t\t<\/div><\/figure><figure class='gallery-item'>\n\t\t\t<div class='gallery-icon landscape'>\n\t\t\t\t<a href='https:\/\/archive.sana.sy\/es\/wp-content\/uploads\/2024\/01\/photo_2024-01-11_21-52-58-3.jpg'><img loading=\"lazy\" decoding=\"async\" width=\"1280\" height=\"724\" src=\"https:\/\/archive.sana.sy\/es\/wp-content\/uploads\/2024\/01\/photo_2024-01-11_21-52-58-3.jpg\" class=\"attachment-full size-full\" alt=\"\" srcset=\"https:\/\/archive.sana.sy\/es\/wp-content\/uploads\/2024\/01\/photo_2024-01-11_21-52-58-3.jpg 1280w, https:\/\/archive.sana.sy\/es\/wp-content\/uploads\/2024\/01\/photo_2024-01-11_21-52-58-3-300x170.jpg 300w, https:\/\/archive.sana.sy\/es\/wp-content\/uploads\/2024\/01\/photo_2024-01-11_21-52-58-3-1024x579.jpg 1024w, https:\/\/archive.sana.sy\/es\/wp-content\/uploads\/2024\/01\/photo_2024-01-11_21-52-58-3-150x85.jpg 150w, https:\/\/archive.sana.sy\/es\/wp-content\/uploads\/2024\/01\/photo_2024-01-11_21-52-58-3-768x434.jpg 768w\" sizes=\"(max-width: 1280px) 100vw, 1280px\" \/><\/a>\n\t\t\t<\/div><\/figure><figure class='gallery-item'>\n\t\t\t<div class='gallery-icon landscape'>\n\t\t\t\t<a href='https:\/\/archive.sana.sy\/es\/wp-content\/uploads\/2024\/01\/photo_2024-01-11_21-52-57.jpg'><img loading=\"lazy\" decoding=\"async\" width=\"1280\" height=\"724\" src=\"https:\/\/archive.sana.sy\/es\/wp-content\/uploads\/2024\/01\/photo_2024-01-11_21-52-57.jpg\" class=\"attachment-full size-full\" alt=\"\" srcset=\"https:\/\/archive.sana.sy\/es\/wp-content\/uploads\/2024\/01\/photo_2024-01-11_21-52-57.jpg 1280w, https:\/\/archive.sana.sy\/es\/wp-content\/uploads\/2024\/01\/photo_2024-01-11_21-52-57-300x170.jpg 300w, https:\/\/archive.sana.sy\/es\/wp-content\/uploads\/2024\/01\/photo_2024-01-11_21-52-57-1024x579.jpg 1024w, https:\/\/archive.sana.sy\/es\/wp-content\/uploads\/2024\/01\/photo_2024-01-11_21-52-57-150x85.jpg 150w, https:\/\/archive.sana.sy\/es\/wp-content\/uploads\/2024\/01\/photo_2024-01-11_21-52-57-768x434.jpg 768w\" sizes=\"(max-width: 1280px) 100vw, 1280px\" \/><\/a>\n\t\t\t<\/div><\/figure>\n\t\t<\/div>\n\n","protected":false},"excerpt":{"rendered":"<p>Damasco, 12 ene (SANA) El primer ministro Hussein Arnous, inaugur\u00f3 este jueves la Feria Motex Khan Al-Harir, en el recinto ferial de Damasco. La feria, especializada en moda, textiles y suministros de producci\u00f3n para la temporada primavera-verano 2024, cuenta con la participaci\u00f3n de m\u00e1s de 400 empresas nacionales. La ceremonia de inauguraci\u00f3n cont\u00f3 con la &hellip;<\/p>\n","protected":false},"author":30,"featured_media":319354,"comment_status":"closed","ping_status":"closed","sticky":false,"template":"","format":"standard","meta":{"footnotes":""},"categories":[597,16686,483,485,20724,476,583],"tags":[],"class_list":["post-319351","post","type-post","status-publish","format-standard","has-post-thumbnail","","category-cinta-de-noticias","category-economia","category-negocios-y-finanzas","category-informes-negocios-y-finanzas","category-minuto-a-minuto","category-locales","category-slide"],"_links":{"self":[{"href":"https:\/\/archive.sana.sy\/es\/index.php?rest_route=\/wp\/v2\/posts\/319351"}],"collection":[{"href":"https:\/\/archive.sana.sy\/es\/index.php?rest_route=\/wp\/v2\/posts"}],"about":[{"href":"https:\/\/archive.sana.sy\/es\/index.php?rest_route=\/wp\/v2\/types\/post"}],"author":[{"embeddable":true,"href":"https:\/\/archive.sana.sy\/es\/index.php?rest_route=\/wp\/v2\/users\/30"}],"replies":[{"embeddable":true,"href":"https:\/\/archive.sana.sy\/es\/index.php?rest_route=%2Fwp%2Fv2%2Fcomments&post=319351"}],"version-history":[{"count":3,"href":"https:\/\/archive.sana.sy\/es\/index.php?rest_route=\/wp\/v2\/posts\/319351\/revisions"}],"predecessor-version":[{"id":319364,"href":"https:\/\/archive.sana.sy\/es\/index.php?rest_route=\/wp\/v2\/posts\/319351\/revisions\/319364"}],"wp:featuredmedia":[{"embeddable":true,"href":"https:\/\/archive.sana.sy\/es\/index.php?rest_route=\/wp\/v2\/media\/319354"}],"wp:attachment":[{"href":"https:\/\/archive.sana.sy\/es\/index.php?rest_route=%2Fwp%2Fv2%2Fmedia&parent=319351"}],"wp:term":[{"taxonomy":"category","embeddable":true,"href":"https:\/\/archive.sana.sy\/es\/index.php?rest_route=%2Fwp%2Fv2%2Fcategories&post=319351"},{"taxonomy":"post_tag","embeddable":true,"href":"https:\/\/archive.sana.sy\/es\/index.php?rest_route=%2Fwp%2Fv2%2Ftags&post=319351"}],"curies":[{"name":"wp","href":"https:\/\/api.w.org\/{rel}","templated":true}]}}